{"id":56335,"date":"2018-09-07T18:18:28","date_gmt":"2018-09-07T23:18:28","guid":{"rendered":"https:\/\/radiowebmx.com\/nota\/?p=56335"},"modified":"2018-09-07T18:18:28","modified_gmt":"2018-09-07T23:18:28","slug":"see-certifica-a-supervisores-para-la-mejora-de-aprendizajes-de-los-alumnos","status":"publish","type":"post","link":"https:\/\/radiowebmx.com\/nota\/see-certifica-a-supervisores-para-la-mejora-de-aprendizajes-de-los-alumnos\/","title":{"rendered":"SEE certifica a supervisores para la mejora de aprendizajes de los alumnos"},"content":{"rendered":"<p><strong>Morelia, Michoac\u00e1n a 7 de septiembre de 2018.-\u00a0<\/strong>La Secretar\u00eda de Educaci\u00f3n en el Estado (SEE), a trav\u00e9s de la Direcci\u00f3n de Formaci\u00f3n Continua, entreg\u00f3 71 certificados a los supervisores que concluyeron el diplomado, \u201cUna supervisi\u00f3n efectiva para la mejora de los aprendizajes de nuestros estudiantes\u201d, correspondiente a la cuarta generaci\u00f3n.<\/p>\n<p>Durante la clausura, el secretario de Educaci\u00f3n, Alberto Frutis Sol\u00eds, felicit\u00f3 a quienes por su esfuerzo concluyeron esta meta educativa, y en reconocimiento a ello, entreg\u00f3 a cada uno su laptop para que fortalezca sus actividades de supervisi\u00f3n en las zonas escolares.<\/p>\n<p>Por su parte, Natalia Guadalupe Bustos Carrillo, directora de Formaci\u00f3n Continua, inform\u00f3 que en este diplomado que dur\u00f3 10 meses, los supervisores fortalecieron competencias de asesor\u00eda y acompa\u00f1amiento de los colectivos docentes de su zona, para contribuir a la mejora del aprendizaje de los alumnos.<\/p>\n<p>Explic\u00f3 que en el curso tambi\u00e9n se abordaron instrumentos\u00a0para la evaluaci\u00f3n en el aula, el funcionamiento de los Consejos Estatales de Participaci\u00f3n Social, as\u00ed como del Consejo T\u00e9cnico Escolar, \u201cla idea es que se puedan fortalecer y con ello tengamos escuelas con mayor calidad en cuanto al trabajo y mayor participaci\u00f3n de los padres de familia\u201d.<\/p>\n<p>A nombre de los diplomados, el supervisor Sinhu\u00e9 \u00c1valos Morelos, expres\u00f3 que el conocimiento adquirido servir\u00e1 para propiciar redes que impulsen el aprendizaje colaborativo, la convivencia y la inclusi\u00f3n. De igual forma, habl\u00f3 de la necesidad de autoevaluaci\u00f3n del supervisor como agente de cambio y de asumir un liderazgo participativo, \u201cadaptado a las necesidades, caracter\u00edsticas e intereses de la zona escolar. Conformar un equipo de trabajo con la misma misi\u00f3n y visi\u00f3n. Un personal docente comprometido en la tarea de educar\u201d.<\/p>\n<p>El diplomado es una capacitaci\u00f3n que se imparte a nivel nacional y en el caso de Michoac\u00e1n se ha logrado diplomar la cuarta generaci\u00f3n. De los 120 diplomantes, 71 se certificaron este viernes, el resto se prev\u00e9 que en tres meses puedan obtener el certificado, una vez que concluyan sus respectivos proyectos.<\/p>\n","protected":false},"excerpt":{"rendered":"<p>Morelia, Michoac\u00e1n a 7 de septiembre de 2018.-\u00a0La Secretar\u00eda de Educaci\u00f3n en el Estado (SEE), a trav\u00e9s de la Direcci\u00f3n de Formaci\u00f3n Continua, entreg\u00f3 71 certificados a los supervisores que concluyeron el diplomado, \u201cUna supervisi\u00f3n efectiva para la mejora de los aprendizajes de nuestros estudiantes\u201d, correspondiente a la cuarta generaci\u00f3n. Durante la clausura, el secretario [&hellip;]<\/p>\n","protected":false},"author":2,"featured_media":56336,"comment_status":"closed","ping_status":"closed","sticky":false,"template":"","format":"standard","meta":{"footnotes":""},"categories":[3,60],"tags":[],"class_list":["post-56335","post","type-post","status-publish","format-standard","has-post-thumbnail","hentry","category-gobierno-del-estado-de-michoacan","category-michoacan"],"_links":{"self":[{"href":"https:\/\/radiowebmx.com\/nota\/wp-json\/wp\/v2\/posts\/56335","targetHints":{"allow":["GET"]}}],"collection":[{"href":"https:\/\/radiowebmx.com\/nota\/wp-json\/wp\/v2\/posts"}],"about":[{"href":"https:\/\/radiowebmx.com\/nota\/wp-json\/wp\/v2\/types\/post"}],"author":[{"embeddable":true,"href":"https:\/\/radiowebmx.com\/nota\/wp-json\/wp\/v2\/users\/2"}],"replies":[{"embeddable":true,"href":"https:\/\/radiowebmx.com\/nota\/wp-json\/wp\/v2\/comments?post=56335"}],"version-history":[{"count":1,"href":"https:\/\/radiowebmx.com\/nota\/wp-json\/wp\/v2\/posts\/56335\/revisions"}],"predecessor-version":[{"id":56337,"href":"https:\/\/radiowebmx.com\/nota\/wp-json\/wp\/v2\/posts\/56335\/revisions\/56337"}],"wp:featuredmedia":[{"embeddable":true,"href":"https:\/\/radiowebmx.com\/nota\/wp-json\/wp\/v2\/media\/56336"}],"wp:attachment":[{"href":"https:\/\/radiowebmx.com\/nota\/wp-json\/wp\/v2\/media?parent=56335"}],"wp:term":[{"taxonomy":"category","embeddable":true,"href":"https:\/\/radiowebmx.com\/nota\/wp-json\/wp\/v2\/categories?post=56335"},{"taxonomy":"post_tag","embeddable":true,"href":"https:\/\/radiowebmx.com\/nota\/wp-json\/wp\/v2\/tags?post=56335"}],"curies":[{"name":"wp","href":"https:\/\/api.w.org\/{rel}","templated":true}]}}