{"id":56331,"date":"2018-09-07T18:17:31","date_gmt":"2018-09-07T23:17:31","guid":{"rendered":"https:\/\/radiowebmx.com\/nota\/?p=56331"},"modified":"2018-09-07T18:17:31","modified_gmt":"2018-09-07T23:17:31","slug":"tienen-derecho-hombres-a-inscribir-a-sus-hijos-en-cendis-roberto-carlos-lopez","status":"publish","type":"post","link":"https:\/\/radiowebmx.com\/nota\/tienen-derecho-hombres-a-inscribir-a-sus-hijos-en-cendis-roberto-carlos-lopez\/","title":{"rendered":"Tienen derecho hombres a inscribir a sus hijos en Cendis: Roberto Carlos L\u00f3pez"},"content":{"rendered":"<p class=\"x_gmail-MsoListParagraph\">\u00b7\u00a0\u00a0\u00a0\u00a0\u00a0\u00a0\u00a0\u00a0\u00a0<i>Congreso respalda propuesta del diputado para exhortar a Ejecutivo a modificar reglamento de dichos centros<\/i><b><\/b><\/p>\n<p class=\"x_MsoNormal\"><b>Morelia; Michoac\u00e1n, 07 de septiembre de 2018<\/b>.- Con el objetivo principal de\u00a0reconocer la igualdad entre hombres y mujeres; el inter\u00e9s superior de la infancia, y el derecho a la seguridad social, el diputado Roberto Carlos L\u00f3pez, present\u00f3 un Punto de Acuerdo para exhortar al titular del Poder Ejecutivo reconozca los derechos y beneficios de los padres trabajadores, cualquiera que sea el estado civil de los mismos, para inscribir a sus hijos en los Centros de Desarrollo Infantil del Estado (Cendi), propuesta que fue avalada por el Pleno del Poder Legislativo.<\/p>\n<p class=\"x_MsoNormal\">En sesi\u00f3n extraordinaria, el\u00a0Presidente del Congreso del Estado plante\u00f3 se analice la posibilidad de realizar una reforma al Reglamento de dichos Centros, ya que actualmente solo se reconoce el beneficio para las madres trabajadoras, para los hijos de los trabajadores viudos, los hijos de los trabajadores divorciados, cuando por resoluci\u00f3n judicial \u00e9stos obtengan su custodia, en ambos casos es siempre y cuando no hayan vuelto a contraer matrimonio, dejando sin considerar a los padres solteros, divorciados, viudos, que no tienen la patria potestad de sus hijos.<\/p>\n<p class=\"x_MsoNormal\">En la exposici\u00f3n de motivos, se ejemplific\u00f3 la sentencia emitida por la Segunda Sala de la Suprema Corte de Justicia de la Naci\u00f3n, al amparo en revisi\u00f3n 59\/2016, interpuesto por un padre que intent\u00f3 inscribir a su hijo en una de las guarder\u00edas del IMSS, ya que la Ley del Seguro Social, restring\u00eda el beneficio en los mismos supuestos que los Centros de Desarrollo.<\/p>\n<p class=\"x_MsoNormal\">Lo que, a decir del legislador, evidencia los roles de g\u00e9nero en la legislaci\u00f3n, conforme a los cuales la mujer debe cubrir el papel de cuidadora y el hombre el de proveedor. En el caso de los hombres, el seguro s\u00f3lo opera por divorcio, viudez o custodia conforme a resoluci\u00f3n judicial. As\u00ed, la trabajadora siempre tendr\u00e1 acceso al servicio de guarder\u00eda pues, seg\u00fan los estereotipos de g\u00e9nero, en ella recae la responsabilidad de cuidar de las hijas e hijos. Por el contrario, el padre s\u00f3lo tendr\u00e1 acceso al seguro cuando no tenga una esposa que pueda satisfacer el rol de cuidadora pues \u00e9l debe invertir su tiempo en trabajar para proveer a la familia.<\/p>\n<p class=\"x_MsoNormal\">Finalmente, el congresista precis\u00f3 que la educaci\u00f3n inicial una base fundamental en la formaci\u00f3n integral del ser humano, el estado est\u00e1 obligado a garantizar, fortalecer y promover, la calidad de la educaci\u00f3n, por lo que al realizar la reforma al art\u00edculo 3\u00b0 del mencionado reglamento se garantiza el derecho universal contemplado para las hijas e hijos de trabajadores al servicio del Estado, independientemente del g\u00e9nero, estado civil e incluso edad.<\/p>\n","protected":false},"excerpt":{"rendered":"<p>\u00b7\u00a0\u00a0\u00a0\u00a0\u00a0\u00a0\u00a0\u00a0\u00a0Congreso respalda propuesta del diputado para exhortar a Ejecutivo a modificar reglamento de dichos centros Morelia; Michoac\u00e1n, 07 de septiembre de 2018.- Con el objetivo principal de\u00a0reconocer la igualdad entre hombres y mujeres; el inter\u00e9s superior de la infancia, y el derecho a la seguridad social, el diputado Roberto Carlos L\u00f3pez, present\u00f3 un Punto de [&hellip;]<\/p>\n","protected":false},"author":2,"featured_media":56333,"comment_status":"closed","ping_status":"closed","sticky":false,"template":"","format":"standard","meta":{"footnotes":""},"categories":[6],"tags":[],"class_list":["post-56331","post","type-post","status-publish","format-standard","has-post-thumbnail","hentry","category-congreso-del-estado"],"_links":{"self":[{"href":"https:\/\/radiowebmx.com\/nota\/wp-json\/wp\/v2\/posts\/56331","targetHints":{"allow":["GET"]}}],"collection":[{"href":"https:\/\/radiowebmx.com\/nota\/wp-json\/wp\/v2\/posts"}],"about":[{"href":"https:\/\/radiowebmx.com\/nota\/wp-json\/wp\/v2\/types\/post"}],"author":[{"embeddable":true,"href":"https:\/\/radiowebmx.com\/nota\/wp-json\/wp\/v2\/users\/2"}],"replies":[{"embeddable":true,"href":"https:\/\/radiowebmx.com\/nota\/wp-json\/wp\/v2\/comments?post=56331"}],"version-history":[{"count":1,"href":"https:\/\/radiowebmx.com\/nota\/wp-json\/wp\/v2\/posts\/56331\/revisions"}],"predecessor-version":[{"id":56334,"href":"https:\/\/radiowebmx.com\/nota\/wp-json\/wp\/v2\/posts\/56331\/revisions\/56334"}],"wp:featuredmedia":[{"embeddable":true,"href":"https:\/\/radiowebmx.com\/nota\/wp-json\/wp\/v2\/media\/56333"}],"wp:attachment":[{"href":"https:\/\/radiowebmx.com\/nota\/wp-json\/wp\/v2\/media?parent=56331"}],"wp:term":[{"taxonomy":"category","embeddable":true,"href":"https:\/\/radiowebmx.com\/nota\/wp-json\/wp\/v2\/categories?post=56331"},{"taxonomy":"post_tag","embeddable":true,"href":"https:\/\/radiowebmx.com\/nota\/wp-json\/wp\/v2\/tags?post=56331"}],"curies":[{"name":"wp","href":"https:\/\/api.w.org\/{rel}","templated":true}]}}