{"id":5629,"date":"2014-02-19T12:29:47","date_gmt":"2014-02-19T18:29:47","guid":{"rendered":"https:\/\/radiowebmx.com\/nota\/?p=5629"},"modified":"2014-03-05T11:33:48","modified_gmt":"2014-03-05T17:33:48","slug":"el-acuerdo-por-la-seguridad-y-desarrollo-de-michoacan-se-construyo-en-conjunto-con-la-federacion-fausto-vallejo","status":"publish","type":"post","link":"https:\/\/radiowebmx.com\/nota\/el-acuerdo-por-la-seguridad-y-desarrollo-de-michoacan-se-construyo-en-conjunto-con-la-federacion-fausto-vallejo\/","title":{"rendered":"EL ACUERDO POR LA SEGURIDAD Y DESARROLLO DE MICHOAC\u00c1N, SE CONSTRUY\u00d3 EN CONJUNTO CON LA FEDERACI\u00d3N: FAUSTO VALLEJO"},"content":{"rendered":"<p><a href=\"https:\/\/radiowebmx.com\/nota\/wp-content\/uploads\/2014\/02\/21.jpg\"><img loading=\"lazy\" decoding=\"async\" class=\"alignleft size-full wp-image-5630\" alt=\"2\" src=\"https:\/\/radiowebmx.com\/nota\/wp-content\/uploads\/2014\/02\/21.jpg\" width=\"591\" height=\"259\" \/><\/a>El Acuerdo por la Seguridad y el Desarrollo Integral de Michoac\u00e1n, por ning\u00fan motivo allana la Soberan\u00eda del Estado ni mucho menos deja en segundo t\u00e9rmino al Poder Ejecutivo estatal, asever\u00f3 el gobernador Fausto Vallejo Figueroa, quien afirm\u00f3 adem\u00e1s que el Acuerdo fue construido por su administraci\u00f3n, en conjunto con el Gobierno de la Rep\u00fablica.<\/p>\n<p>\u201cEl acuerdo yo lo solicit\u00e9, el acuerdo lo construimos juntos, obviamente tambi\u00e9n por decisi\u00f3n del presidente de la Rep\u00fablica, Enrique \u00a0Pe\u00f1a Nieto, pero con el consentimiento absoluto de nosotros\u201d; dijo el mandatario michoacano en entrevista con el matutino una cadena nacional radiof\u00f3nica, el cual conduce la periodista Carmen Aristegui.<\/p>\n<p>\u201cA m\u00ed lo que me interesa no es un Michoac\u00e1n et\u00e9reo, no es un Michoac\u00e1n vol\u00e1til, conceptual; a m\u00ed lo que me interesa es que cada uno de los michoacanos tenga tranquilidad\u201d, recalc\u00f3 el jefe del Ejecutivo estatal y destac\u00f3 que esta coordinaci\u00f3n con\u00a0 la Federaci\u00f3n es algo que la entidad ven\u00eda requiriendo desde hace 12 a\u00f1os.<\/p>\n<p>Fausto Vallejo desminti\u00f3 los rumores de que la figura de gobernador constitucional qued\u00f3 en segundo t\u00e9rmino con la intervenci\u00f3n federal, al se\u00f1alar que hoy Michoac\u00e1n cuenta con el apoyo que requer\u00eda desde hace al menos dos lustros, cuando sus antecesores hab\u00edan solicitado dicho respaldo pero \u00e9ste no logr\u00f3 los resultados esperados debido a la falta de coordinaci\u00f3n y confianza entre Federaci\u00f3n-Estado.<\/p>\n<p>\u201cLa diferencia en esta ocasi\u00f3n es que hay total armon\u00eda y comunicaci\u00f3n entre la Federaci\u00f3n y el Estado\u201d, sostuvo, al tiempo que refiri\u00f3 que el trabajo conjunto no implica \u00fanicamente acciones en materia de seguridad, sino que est\u00e1 acompa\u00f1ado de desarrollo social.<\/p>\n<p>\u201cEl gran problema de Michoac\u00e1n es el desarrollo social, es el abandono de toda la Tierra Caliente y muchas zonas de Michoac\u00e1n. Entonces yo creo que vale la pena el que se est\u00e9 invirtiendo como ahora en el desarrollo social\u201d, dijo al hacer referencia que fue el rezago social que persisti\u00f3 por muchos a\u00f1os en la entidad, lo que desencaden\u00f3 la violencia y el crimen.<\/p>\n<p>Puso como ejemplo que en cada visita del titular de una dependencia federal a la entidad, se dan a conocer los recursos extraordinarios que recibir\u00e1 Michoac\u00e1n para impulsar el desarrollo econ\u00f3mico y social, como lo anunciado por la secretaria de Salud Mercedes Juan, de los 60 millones de pesos para la ampliaci\u00f3n del hospital de Zit\u00e1cuaro; 185 millones de pesos para concluir el nosocomio regional de Apatzing\u00e1n; 60 millones de pesos para iniciar y ampliar la capacidad de servicio de la Unidad de Nefrolog\u00eda en Hidalgo; los 150 millones de pesos que destinar\u00e1n este a\u00f1o para continuar la obra del nuevo Hospital Infantil de Morelia y una partida de 200 millones de pesos para la construcci\u00f3n del Hospital General.<\/p>\n<p>Tambi\u00e9n ejemplific\u00f3 la ampliaci\u00f3n del presupuesto de los programas Escuela Digna y Tiempo Completo, por 220 millones de pesos m\u00e1s, as\u00ed como las 350 mil becas en todos los niveles educativos, recursos que dio a conocer el titular de la SEP, Emilio Chuayffet Chemor; por mencionar algunos.<\/p>\n<p>A pregunta expresa sobre qu\u00e9 sigue despu\u00e9s de su segundo informe de gobierno, el jefe del Ejecutivo estatal manifest\u00f3 que contin\u00faa el desarrollo de Michoac\u00e1n y la pacificaci\u00f3n del Estado, lo mismo que la inversi\u00f3n, al tiempo que mencion\u00f3 que con la presencia de todo el Gabinete del Gobierno de la Rep\u00fablica, se est\u00e1n acercando empresarios de Guanajuato y de Quer\u00e9taro para hacer grandes desarrollos.<\/p>\n<p>\u201c\u00bfQu\u00e9 se viene?, se vienen carreteras, hospitales, obras en materia agr\u00edcola, hidr\u00e1ulica, agroparques industriales como el de Apatzing\u00e1n, se viene el desarrollo\u201d, concluy\u00f3 el mandatario.<\/p>\n","protected":false},"excerpt":{"rendered":"<p>El Acuerdo por la Seguridad y el Desarrollo Integral de Michoac\u00e1n, por ning\u00fan motivo allana la Soberan\u00eda del Estado ni mucho menos deja en segundo t\u00e9rmino al Poder Ejecutivo estatal, asever\u00f3 el gobernador Fausto Vallejo Figueroa, <\/p>\n","protected":false},"author":1,"featured_media":0,"comment_status":"open","ping_status":"open","sticky":false,"template":"","format":"standard","meta":{"footnotes":""},"categories":[14,3],"tags":[],"class_list":["post-5629","post","type-post","status-publish","format-standard","hentry","category-destacadas","category-gobierno-del-estado-de-michoacan"],"_links":{"self":[{"href":"https:\/\/radiowebmx.com\/nota\/wp-json\/wp\/v2\/posts\/5629","targetHints":{"allow":["GET"]}}],"collection":[{"href":"https:\/\/radiowebmx.com\/nota\/wp-json\/wp\/v2\/posts"}],"about":[{"href":"https:\/\/radiowebmx.com\/nota\/wp-json\/wp\/v2\/types\/post"}],"author":[{"embeddable":true,"href":"https:\/\/radiowebmx.com\/nota\/wp-json\/wp\/v2\/users\/1"}],"replies":[{"embeddable":true,"href":"https:\/\/radiowebmx.com\/nota\/wp-json\/wp\/v2\/comments?post=5629"}],"version-history":[{"count":3,"href":"https:\/\/radiowebmx.com\/nota\/wp-json\/wp\/v2\/posts\/5629\/revisions"}],"predecessor-version":[{"id":5632,"href":"https:\/\/radiowebmx.com\/nota\/wp-json\/wp\/v2\/posts\/5629\/revisions\/5632"}],"wp:attachment":[{"href":"https:\/\/radiowebmx.com\/nota\/wp-json\/wp\/v2\/media?parent=5629"}],"wp:term":[{"taxonomy":"category","embeddable":true,"href":"https:\/\/radiowebmx.com\/nota\/wp-json\/wp\/v2\/categories?post=5629"},{"taxonomy":"post_tag","embeddable":true,"href":"https:\/\/radiowebmx.com\/nota\/wp-json\/wp\/v2\/tags?post=5629"}],"curies":[{"name":"wp","href":"https:\/\/api.w.org\/{rel}","templated":true}]}}