{"id":56260,"date":"2018-09-06T18:41:44","date_gmt":"2018-09-06T23:41:44","guid":{"rendered":"https:\/\/radiowebmx.com\/nota\/?p=56260"},"modified":"2018-09-06T18:41:44","modified_gmt":"2018-09-06T23:41:44","slug":"nombran-a-francisco-hernandez-arreola-director-general-de-cecytem","status":"publish","type":"post","link":"https:\/\/radiowebmx.com\/nota\/nombran-a-francisco-hernandez-arreola-director-general-de-cecytem\/","title":{"rendered":"Nombran a Francisco Hern\u00e1ndez Arreola director general de CECyTEM"},"content":{"rendered":"<p>El secretario de Educaci\u00f3n en el Estado, Alberto Frutis Sol\u00eds, entreg\u00f3 este jueves el nombramiento como nuevo director General del Colegio de Estudios Cient\u00edficos y Tecnol\u00f3gicos del Estado de Michoac\u00e1n (CECyTEM) a Francisco Hern\u00e1ndez Arreola, en sustituci\u00f3n de Carmen Escobedo P\u00e9rez.<\/p>\n<p>Desde las instalaciones del Colegio, el secretario agradeci\u00f3 el trabajo que por tres a\u00f1os realiz\u00f3 Escobedo P\u00e9rez al frente de la instituci\u00f3n e instruy\u00f3 al nuevo director a redoblar esfuerzos, toda vez que destac\u00f3 los avances en materia de infraestructura educativa alcanzados en CECyTEM en los \u00faltimos a\u00f1os.<\/p>\n<p>En este sentido, Alberto Frutis resalt\u00f3 que los indicadores educativos del Colegio deben seguir avanzando, incrementando cobertura, eficiencia terminal, entre otros, que benefician a los alumnos de la Instituci\u00f3n, por lo que \u201cTiene el reto de superar los grandes zapatos\u201d, que deja Carmen.<\/p>\n<p>Ante el personal administrativo y directivo del Colegio, Alberto Frutis record\u00f3 que la administraci\u00f3n que encabeza el gobernador Silvano Aureoles Conejo se enfrent\u00f3 a grandes dificultades cuando arrib\u00f3 al gobierno, entre ellas en materia educativa, \u201cLa infraestructura educativa estaba por los suelos y hoy el gobernador ha hecho un gran esfuerzo\u201d. Y es que actualmente se han invertido m\u00e1s de 2 mil mdp en este rubro con la finalidad de ofrecer educaci\u00f3n de calidad a las y los michoacanos.<\/p>\n<p>Por su parte, Francisco Hern\u00e1ndez, se comprometi\u00f3 a dar el mayor esfuerzo al frente del CECyTEM. A su vez, Carmen Escobedo, agradeci\u00f3 \u201cal gobernador por esta oportunidad de vida y experiencia profesional, los tres a\u00f1os al frente de la Instituci\u00f3n\u201d.<\/p>\n<p>Cabe mencionar que CECyTEM cuenta con una matr\u00edcula de 22 mil j\u00f3venes y 2 mil 400 trabajadores.<\/p>\n","protected":false},"excerpt":{"rendered":"<p>El secretario de Educaci\u00f3n en el Estado, Alberto Frutis Sol\u00eds, entreg\u00f3 este jueves el nombramiento como nuevo director General del Colegio de Estudios Cient\u00edficos y Tecnol\u00f3gicos del Estado de Michoac\u00e1n (CECyTEM) a Francisco Hern\u00e1ndez Arreola, en sustituci\u00f3n de Carmen Escobedo P\u00e9rez. Desde las instalaciones del Colegio, el secretario agradeci\u00f3 el trabajo que por tres a\u00f1os [&hellip;]<\/p>\n","protected":false},"author":2,"featured_media":56261,"comment_status":"closed","ping_status":"closed","sticky":false,"template":"","format":"standard","meta":{"footnotes":""},"categories":[3,60],"tags":[],"class_list":["post-56260","post","type-post","status-publish","format-standard","has-post-thumbnail","hentry","category-gobierno-del-estado-de-michoacan","category-michoacan"],"_links":{"self":[{"href":"https:\/\/radiowebmx.com\/nota\/wp-json\/wp\/v2\/posts\/56260","targetHints":{"allow":["GET"]}}],"collection":[{"href":"https:\/\/radiowebmx.com\/nota\/wp-json\/wp\/v2\/posts"}],"about":[{"href":"https:\/\/radiowebmx.com\/nota\/wp-json\/wp\/v2\/types\/post"}],"author":[{"embeddable":true,"href":"https:\/\/radiowebmx.com\/nota\/wp-json\/wp\/v2\/users\/2"}],"replies":[{"embeddable":true,"href":"https:\/\/radiowebmx.com\/nota\/wp-json\/wp\/v2\/comments?post=56260"}],"version-history":[{"count":1,"href":"https:\/\/radiowebmx.com\/nota\/wp-json\/wp\/v2\/posts\/56260\/revisions"}],"predecessor-version":[{"id":56262,"href":"https:\/\/radiowebmx.com\/nota\/wp-json\/wp\/v2\/posts\/56260\/revisions\/56262"}],"wp:featuredmedia":[{"embeddable":true,"href":"https:\/\/radiowebmx.com\/nota\/wp-json\/wp\/v2\/media\/56261"}],"wp:attachment":[{"href":"https:\/\/radiowebmx.com\/nota\/wp-json\/wp\/v2\/media?parent=56260"}],"wp:term":[{"taxonomy":"category","embeddable":true,"href":"https:\/\/radiowebmx.com\/nota\/wp-json\/wp\/v2\/categories?post=56260"},{"taxonomy":"post_tag","embeddable":true,"href":"https:\/\/radiowebmx.com\/nota\/wp-json\/wp\/v2\/tags?post=56260"}],"curies":[{"name":"wp","href":"https:\/\/api.w.org\/{rel}","templated":true}]}}