{"id":56247,"date":"2018-09-05T19:03:30","date_gmt":"2018-09-06T00:03:30","guid":{"rendered":"https:\/\/radiowebmx.com\/nota\/?p=56247"},"modified":"2018-09-05T19:03:30","modified_gmt":"2018-09-06T00:03:30","slug":"continua-en-septiembre-la-proyeccion-de-peliculas-y-series-en-el-marco-de-cinema-mexico-digital","status":"publish","type":"post","link":"https:\/\/radiowebmx.com\/nota\/continua-en-septiembre-la-proyeccion-de-peliculas-y-series-en-el-marco-de-cinema-mexico-digital\/","title":{"rendered":"Contin\u00faa en septiembre la proyecci\u00f3n de pel\u00edculas y series en el marco de Cinema M\u00e9xico Digital."},"content":{"rendered":"<p>Durante el mes de septiembre y bajo la coordinaci\u00f3n de la Direcci\u00f3n de Producci\u00f3n Art\u00edstica y Desarrollo Cultural de la Secretar\u00eda de Cultura de Michoac\u00e1n, el Centro Regional de las Artes de Michoac\u00e1n, ubicado en Zamora, continuar\u00e1 con la proyecci\u00f3n de pel\u00edculas y series en el marco de Cinema M\u00e9xico Digital.<\/p>\n<p>De acuerdo al programa, en el marco del proyecto Jueves de pel\u00edcula, y el ciclo \u201cLa patria ante todo\u201d, el jueves 6 de septiembre se ofrecer\u00e1 \u201cDesiertos mares\u201d, dirigida por Jos\u00e9 Luis Garc\u00eda Agraz, la cual habla de un cineasta que escribe un guion sobre la Conquista de M\u00e9xico y varias im\u00e1genes de esa \u00e9poca se mezclan con su vida actual. Esta cinta es clasificaci\u00f3n B. La actividad se realizar\u00e1 en el Mezzanine a las 19:30 horas, con acceso gratuito.<\/p>\n<p>El jueves 6 pero a las 18:30 horas, como parte del Proyecto AMBULANTE y la tem\u00e1tica \u201cJusticia en tu comunidad\u201d dirigida a j\u00f3venes y adultos se han programado los siguientes documentales:<br \/>\n\u201cGoris\u201d, del director Jorge Curioca, de M\u00e9xico, con duraci\u00f3n de 18 minutos. Rosa Julia, originaria de la sierra de Guerrero, estuvo encarcelada injustamente por tr\u00e1fico de drogas durante doce a\u00f1os. En prisi\u00f3n aprendi\u00f3 a leer y a escribir, y descubri\u00f3 el teatro. Ahora trabaja acercando a presos al arte.<\/p>\n<p>\u201cKoltavanej\u201d, dirigida por Concepci\u00f3n Su\u00e1rez Aguilar, con una duraci\u00f3n de 19 minutos. Rosa L\u00f3pez D\u00edaz, mujer tsotsil torturada durante el embarazo para que se autoinculpara de un crimen del que se hab\u00eda declarado inocente, conoci\u00f3 distintas caras de la violencia contra las mujeres mucho antes de ir a prisi\u00f3n. Desde el Centro de Rehabilitaci\u00f3n Social n\u00famero 5, en San Crist\u00f3bal de Las Casas, Chiapas, su voz rompe los muros y nos muestra su dignidad.<\/p>\n<p>Como se recordar\u00e1 el proyecto AMBULANTE busca promover una aproximaci\u00f3n de los ciudadanos con los actores, instituciones y procesos penales contempor\u00e1neos dentro del nuevo sistema de justicia penal para crear comunidades de espectadores participativos que, por medio del cine, creen conciencia de los procesos de justicia en la naci\u00f3n.<\/p>\n","protected":false},"excerpt":{"rendered":"<p>Durante el mes de septiembre y bajo la coordinaci\u00f3n de la Direcci\u00f3n de Producci\u00f3n Art\u00edstica y Desarrollo Cultural de la Secretar\u00eda de Cultura de Michoac\u00e1n, el Centro Regional de las Artes de Michoac\u00e1n, ubicado en Zamora, continuar\u00e1 con la proyecci\u00f3n de pel\u00edculas y series en el marco de Cinema M\u00e9xico Digital. De acuerdo al programa, [&hellip;]<\/p>\n","protected":false},"author":2,"featured_media":56248,"comment_status":"closed","ping_status":"closed","sticky":false,"template":"","format":"standard","meta":{"footnotes":""},"categories":[3,60],"tags":[],"class_list":["post-56247","post","type-post","status-publish","format-standard","has-post-thumbnail","hentry","category-gobierno-del-estado-de-michoacan","category-michoacan"],"_links":{"self":[{"href":"https:\/\/radiowebmx.com\/nota\/wp-json\/wp\/v2\/posts\/56247","targetHints":{"allow":["GET"]}}],"collection":[{"href":"https:\/\/radiowebmx.com\/nota\/wp-json\/wp\/v2\/posts"}],"about":[{"href":"https:\/\/radiowebmx.com\/nota\/wp-json\/wp\/v2\/types\/post"}],"author":[{"embeddable":true,"href":"https:\/\/radiowebmx.com\/nota\/wp-json\/wp\/v2\/users\/2"}],"replies":[{"embeddable":true,"href":"https:\/\/radiowebmx.com\/nota\/wp-json\/wp\/v2\/comments?post=56247"}],"version-history":[{"count":1,"href":"https:\/\/radiowebmx.com\/nota\/wp-json\/wp\/v2\/posts\/56247\/revisions"}],"predecessor-version":[{"id":56249,"href":"https:\/\/radiowebmx.com\/nota\/wp-json\/wp\/v2\/posts\/56247\/revisions\/56249"}],"wp:featuredmedia":[{"embeddable":true,"href":"https:\/\/radiowebmx.com\/nota\/wp-json\/wp\/v2\/media\/56248"}],"wp:attachment":[{"href":"https:\/\/radiowebmx.com\/nota\/wp-json\/wp\/v2\/media?parent=56247"}],"wp:term":[{"taxonomy":"category","embeddable":true,"href":"https:\/\/radiowebmx.com\/nota\/wp-json\/wp\/v2\/categories?post=56247"},{"taxonomy":"post_tag","embeddable":true,"href":"https:\/\/radiowebmx.com\/nota\/wp-json\/wp\/v2\/tags?post=56247"}],"curies":[{"name":"wp","href":"https:\/\/api.w.org\/{rel}","templated":true}]}}