{"id":56241,"date":"2018-09-05T19:00:54","date_gmt":"2018-09-06T00:00:54","guid":{"rendered":"https:\/\/radiowebmx.com\/nota\/?p=56241"},"modified":"2018-09-05T19:00:54","modified_gmt":"2018-09-06T00:00:54","slug":"aprueban-diputados-del-prd-reformas-a-la-ley-del-notariado","status":"publish","type":"post","link":"https:\/\/radiowebmx.com\/nota\/aprueban-diputados-del-prd-reformas-a-la-ley-del-notariado\/","title":{"rendered":"Aprueban diputados del PRD reformas a la Ley del Notariado"},"content":{"rendered":"<p class=\"x_MsoNormal\">En reuni\u00f3n de Comisiones Unidas de Justicia y Gobernaci\u00f3n, en la que participaron los diputados \u00c1ngel Cedillo Hern\u00e1ndez, Nalleli Pedraza Huerta y Cecilia Lazo de la Vega, aprobaron una iniciativa de reformas a la Ley del Notariado del Estado con car\u00e1cter de dictamen.<\/p>\n<p class=\"x_MsoNormal\">En la reuni\u00f3n los diputados refrendaron su compromiso con Michoac\u00e1n y los michoacanos.<\/p>\n<p class=\"x_MsoNormal\">Dichas reformas son de avanzada y acordes a las necesidades actuales, mismas que contribuyen a la modernizaci\u00f3n y actualizaci\u00f3n de los notarios, con lo que se beneficiar\u00e1n las y los michoacanos al mejorarse los servicios.<\/p>\n","protected":false},"excerpt":{"rendered":"<p>En reuni\u00f3n de Comisiones Unidas de Justicia y Gobernaci\u00f3n, en la que participaron los diputados \u00c1ngel Cedillo Hern\u00e1ndez, Nalleli Pedraza Huerta y Cecilia Lazo de la Vega, aprobaron una iniciativa de reformas a la Ley del Notariado del Estado con car\u00e1cter de dictamen. En la reuni\u00f3n los diputados refrendaron su compromiso con Michoac\u00e1n y los [&hellip;]<\/p>\n","protected":false},"author":2,"featured_media":56242,"comment_status":"closed","ping_status":"closed","sticky":false,"template":"","format":"standard","meta":{"footnotes":""},"categories":[6,19],"tags":[],"class_list":["post-56241","post","type-post","status-publish","format-standard","has-post-thumbnail","hentry","category-congreso-del-estado","category-grupo-parlamentario-del-prd"],"_links":{"self":[{"href":"https:\/\/radiowebmx.com\/nota\/wp-json\/wp\/v2\/posts\/56241","targetHints":{"allow":["GET"]}}],"collection":[{"href":"https:\/\/radiowebmx.com\/nota\/wp-json\/wp\/v2\/posts"}],"about":[{"href":"https:\/\/radiowebmx.com\/nota\/wp-json\/wp\/v2\/types\/post"}],"author":[{"embeddable":true,"href":"https:\/\/radiowebmx.com\/nota\/wp-json\/wp\/v2\/users\/2"}],"replies":[{"embeddable":true,"href":"https:\/\/radiowebmx.com\/nota\/wp-json\/wp\/v2\/comments?post=56241"}],"version-history":[{"count":1,"href":"https:\/\/radiowebmx.com\/nota\/wp-json\/wp\/v2\/posts\/56241\/revisions"}],"predecessor-version":[{"id":56243,"href":"https:\/\/radiowebmx.com\/nota\/wp-json\/wp\/v2\/posts\/56241\/revisions\/56243"}],"wp:featuredmedia":[{"embeddable":true,"href":"https:\/\/radiowebmx.com\/nota\/wp-json\/wp\/v2\/media\/56242"}],"wp:attachment":[{"href":"https:\/\/radiowebmx.com\/nota\/wp-json\/wp\/v2\/media?parent=56241"}],"wp:term":[{"taxonomy":"category","embeddable":true,"href":"https:\/\/radiowebmx.com\/nota\/wp-json\/wp\/v2\/categories?post=56241"},{"taxonomy":"post_tag","embeddable":true,"href":"https:\/\/radiowebmx.com\/nota\/wp-json\/wp\/v2\/tags?post=56241"}],"curies":[{"name":"wp","href":"https:\/\/api.w.org\/{rel}","templated":true}]}}