{"id":56238,"date":"2018-09-05T18:59:24","date_gmt":"2018-09-05T23:59:24","guid":{"rendered":"https:\/\/radiowebmx.com\/nota\/?p=56238"},"modified":"2018-09-05T18:59:24","modified_gmt":"2018-09-05T23:59:24","slug":"inauguran-techumbre-en-secundaria-simon-bolivar-de-morelia","status":"publish","type":"post","link":"https:\/\/radiowebmx.com\/nota\/inauguran-techumbre-en-secundaria-simon-bolivar-de-morelia\/","title":{"rendered":"Inauguran Techumbre en Secundaria \u201cSim\u00f3n Bol\u00edvar\u201d de Morelia"},"content":{"rendered":"<div>El secretario de Educaci\u00f3n, Alberto Frutis Sol\u00eds y la directora general del Instituto de Infraestructura F\u00edsica Educativa del Estado de Michoac\u00e1n (IIFEEM), Mar\u00eda Guadalupe D\u00edaz Chagolla, realizaron la inauguraci\u00f3n de la techumbre de la Secundaria 11 \u201cSim\u00f3n Bol\u00edvar\u201d, ubicada en la capital del estado y que tuvo una inversi\u00f3n de 2 millones 738 mil pesos.<\/p>\n<p>El titular de la Secretar\u00eda de Educaci\u00f3n en el Estado (SEE) afirm\u00f3 que a 53 a\u00f1os que tiene de establecida la Secundaria \u201cSim\u00f3n Bol\u00edvar\u201d ha formado a muchas generaciones de michoacanas y michoacanos y en ella han laborado destacados docentes que han dado sus mejores a\u00f1os a favor de la educaci\u00f3n.<\/p>\n<p>Precis\u00f3 que este esfuerzo ha sido liderado por los directores que han puesto su empe\u00f1o para mejorar las condiciones de la escuela, por lo que reconoci\u00f3 su labor y los conmin\u00f3 a seguir siendo gu\u00eda de la juventud.<\/p>\n<p>Alberto Frutis Sol\u00eds, aprovech\u00f3 tambi\u00e9n para felicitar a todo el equipo del IIFEEM y pidi\u00f3 a su directora general redoblar esfuerzos para atender la mayor cantidad de planteles antes de que finalice 2018.<\/p>\n<p>Mar\u00eda Guadalupe D\u00edaz Chagolla, afirm\u00f3 que el Gobernador del Estado, Silvano Aureoles Conejo ha priorizado la educaci\u00f3n en sus ejes de gobierno, por ende la construcci\u00f3n, rehabilitaci\u00f3n y\/o equipamiento de los planteles escolares es una prioridad para dignificar los centros escolares, adem\u00e1s de mejorar las condiciones en la que reciben su instrucci\u00f3n acad\u00e9mica, por lo que en los 3 primeros a\u00f1os de gesti\u00f3n se han invertido m\u00e1s de 2 mil millones de pesos, beneficiando a 2 mil 500 escuelas y 570 alumnos de todo el estado.<\/p>\n<p>Precis\u00f3 que en la Secundaria No.11 \u201cSim\u00f3n Bol\u00edvar\u201d adem\u00e1s de la colocaci\u00f3n de la techumbre se impermeabiliz\u00f3 y se hicieron trabajos de pintura, as\u00ed como rehabilitaci\u00f3n de andadores.<\/p>\n<p>En su oportunidad, Andrea Leticia Guerrero Flores, presidenta de la Asociaci\u00f3n de Padres de Familia agradeci\u00f3 a las autoridades por la construcci\u00f3n de la techumbre que permitir\u00e1 que el alumnado no sufra por las lluvias y los rayos del sol.<\/p>\n<p>La inaguraci\u00f3n cont\u00f3 con la asistencia de Erick Gonz\u00e1lez C\u00e1rdenas, subsecretario de Educaci\u00f3n B\u00e1sica; Iv\u00e1n Fernando Barrales Alc\u00e1ntara, coordinador General de Planeaci\u00f3n y Evaluaci\u00f3n Educativa de la SEE; Roberto Carlos Proa Mancilla, jefe del departamento de Construcci\u00f3n y Mantenimiento de la SEE; Gilberto Silva N\u00fa\u00f1ez, director de la Secundaria \u201cSim\u00f3n Bol\u00edvar\u201d; as\u00ed como Ruth Sanjuan Galeana y Sabino Mosqueda Lara, subdirectores de los turnos matutino y vespertino, respectivamente.<\/p><\/div>\n","protected":false},"excerpt":{"rendered":"<p>El secretario de Educaci\u00f3n, Alberto Frutis Sol\u00eds y la directora general del Instituto de Infraestructura F\u00edsica Educativa del Estado de Michoac\u00e1n (IIFEEM), Mar\u00eda Guadalupe D\u00edaz Chagolla, realizaron la inauguraci\u00f3n de la techumbre de la Secundaria 11 \u201cSim\u00f3n Bol\u00edvar\u201d, ubicada en la capital del estado y que tuvo una inversi\u00f3n de 2 millones 738 mil pesos. [&hellip;]<\/p>\n","protected":false},"author":2,"featured_media":56239,"comment_status":"closed","ping_status":"closed","sticky":false,"template":"","format":"standard","meta":{"footnotes":""},"categories":[14,3,60],"tags":[],"class_list":["post-56238","post","type-post","status-publish","format-standard","has-post-thumbnail","hentry","category-destacadas","category-gobierno-del-estado-de-michoacan","category-michoacan"],"_links":{"self":[{"href":"https:\/\/radiowebmx.com\/nota\/wp-json\/wp\/v2\/posts\/56238","targetHints":{"allow":["GET"]}}],"collection":[{"href":"https:\/\/radiowebmx.com\/nota\/wp-json\/wp\/v2\/posts"}],"about":[{"href":"https:\/\/radiowebmx.com\/nota\/wp-json\/wp\/v2\/types\/post"}],"author":[{"embeddable":true,"href":"https:\/\/radiowebmx.com\/nota\/wp-json\/wp\/v2\/users\/2"}],"replies":[{"embeddable":true,"href":"https:\/\/radiowebmx.com\/nota\/wp-json\/wp\/v2\/comments?post=56238"}],"version-history":[{"count":1,"href":"https:\/\/radiowebmx.com\/nota\/wp-json\/wp\/v2\/posts\/56238\/revisions"}],"predecessor-version":[{"id":56240,"href":"https:\/\/radiowebmx.com\/nota\/wp-json\/wp\/v2\/posts\/56238\/revisions\/56240"}],"wp:featuredmedia":[{"embeddable":true,"href":"https:\/\/radiowebmx.com\/nota\/wp-json\/wp\/v2\/media\/56239"}],"wp:attachment":[{"href":"https:\/\/radiowebmx.com\/nota\/wp-json\/wp\/v2\/media?parent=56238"}],"wp:term":[{"taxonomy":"category","embeddable":true,"href":"https:\/\/radiowebmx.com\/nota\/wp-json\/wp\/v2\/categories?post=56238"},{"taxonomy":"post_tag","embeddable":true,"href":"https:\/\/radiowebmx.com\/nota\/wp-json\/wp\/v2\/tags?post=56238"}],"curies":[{"name":"wp","href":"https:\/\/api.w.org\/{rel}","templated":true}]}}