{"id":56235,"date":"2018-09-05T18:58:01","date_gmt":"2018-09-05T23:58:01","guid":{"rendered":"https:\/\/radiowebmx.com\/nota\/?p=56235"},"modified":"2018-09-05T18:58:14","modified_gmt":"2018-09-05T23:58:14","slug":"raul-moron-orozco-entrega-nombramientos-en-diversas-areas-municipales","status":"publish","type":"post","link":"https:\/\/radiowebmx.com\/nota\/raul-moron-orozco-entrega-nombramientos-en-diversas-areas-municipales\/","title":{"rendered":"Ra\u00fal Mor\u00f3n Orozco, entrega nombramientos en diversas \u00e1reas municipales"},"content":{"rendered":"<p>El Presidente Municipal Constitucional, Ra\u00fal Mor\u00f3n Orozco hizo entrega de nombramientos en diversas \u00e1reas municipales que responden a las principales necesidades de la ciudadan\u00eda.<\/p>\n<p>En su mensaje el Mun\u00edcipe solicit\u00f3 un excelente trato a la ciudadan\u00eda y a los empleados municipales, tanto a su equipo que conforma el Gabinete Municipal 2018-2021 como a los trabajadores con respecto a la poblaci\u00f3n.<\/p>\n<p>Enfatiz\u00f3 a los empleados municipales que la solicitud que se les hace es que con su trabajo se atienda a la ciudadan\u00eda en todos los aspectos que abarcan las responsabilidades en cada una de sus \u00e1reas y as\u00ed los morelianos regresen con gusto a hacer sus tr\u00e1mites.<\/p>\n<p>Es de mencionar que los nombramientos que fueron otorgados por el Presidente Municipal Ra\u00fal Mor\u00f3n este lunes fueron: El del Secretario de Turismo, Roberto Monroy Garc\u00eda; la S\u00edndico, Labinia Aranda Ortega; el Director de Comunicaci\u00f3n Social, Antonio Aguilera Espinosa; el Secretario de Obra Urbana, Sergio Adem Argueta; el Secretario del Ayuntamiento, Humberto Arr\u00f3niz Reyes, el Secretario de Administraci\u00f3n, Gabriel Prado Fern\u00e1ndez.<\/p>\n<p>Adem\u00e1s del Secretario de Desarrollo Humano y Bienestar Social, Roberto Reyes Cosari, la Tesorera Mar\u00eda del Remedio L\u00f3pez Moreno, el Secretario de Movilidad y Espacio, Antonio Godoy Gonz\u00e1lez V\u00e9lez.<\/p>\n","protected":false},"excerpt":{"rendered":"<p>El Presidente Municipal Constitucional, Ra\u00fal Mor\u00f3n Orozco hizo entrega de nombramientos en diversas \u00e1reas municipales que responden a las principales necesidades de la ciudadan\u00eda. En su mensaje el Mun\u00edcipe solicit\u00f3 un excelente trato a la ciudadan\u00eda y a los empleados municipales, tanto a su equipo que conforma el Gabinete Municipal 2018-2021 como a los trabajadores [&hellip;]<\/p>\n","protected":false},"author":2,"featured_media":56236,"comment_status":"closed","ping_status":"closed","sticky":false,"template":"","format":"standard","meta":{"footnotes":""},"categories":[14,9],"tags":[],"class_list":["post-56235","post","type-post","status-publish","format-standard","has-post-thumbnail","hentry","category-destacadas","category-morelia"],"_links":{"self":[{"href":"https:\/\/radiowebmx.com\/nota\/wp-json\/wp\/v2\/posts\/56235","targetHints":{"allow":["GET"]}}],"collection":[{"href":"https:\/\/radiowebmx.com\/nota\/wp-json\/wp\/v2\/posts"}],"about":[{"href":"https:\/\/radiowebmx.com\/nota\/wp-json\/wp\/v2\/types\/post"}],"author":[{"embeddable":true,"href":"https:\/\/radiowebmx.com\/nota\/wp-json\/wp\/v2\/users\/2"}],"replies":[{"embeddable":true,"href":"https:\/\/radiowebmx.com\/nota\/wp-json\/wp\/v2\/comments?post=56235"}],"version-history":[{"count":1,"href":"https:\/\/radiowebmx.com\/nota\/wp-json\/wp\/v2\/posts\/56235\/revisions"}],"predecessor-version":[{"id":56237,"href":"https:\/\/radiowebmx.com\/nota\/wp-json\/wp\/v2\/posts\/56235\/revisions\/56237"}],"wp:featuredmedia":[{"embeddable":true,"href":"https:\/\/radiowebmx.com\/nota\/wp-json\/wp\/v2\/media\/56236"}],"wp:attachment":[{"href":"https:\/\/radiowebmx.com\/nota\/wp-json\/wp\/v2\/media?parent=56235"}],"wp:term":[{"taxonomy":"category","embeddable":true,"href":"https:\/\/radiowebmx.com\/nota\/wp-json\/wp\/v2\/categories?post=56235"},{"taxonomy":"post_tag","embeddable":true,"href":"https:\/\/radiowebmx.com\/nota\/wp-json\/wp\/v2\/tags?post=56235"}],"curies":[{"name":"wp","href":"https:\/\/api.w.org\/{rel}","templated":true}]}}