{"id":56226,"date":"2018-09-05T18:54:06","date_gmt":"2018-09-05T23:54:06","guid":{"rendered":"https:\/\/radiowebmx.com\/nota\/?p=56226"},"modified":"2018-09-05T18:54:06","modified_gmt":"2018-09-05T23:54:06","slug":"el-presidente-municipal-raul-moron-tomo-protesta-al-secretario-del-ayuntamiento-y-la-tesorera","status":"publish","type":"post","link":"https:\/\/radiowebmx.com\/nota\/el-presidente-municipal-raul-moron-tomo-protesta-al-secretario-del-ayuntamiento-y-la-tesorera\/","title":{"rendered":"El Presidente Municipal, Ra\u00fal Mor\u00f3n tom\u00f3 protesta al Secretario del Ayuntamiento y la Tesorera"},"content":{"rendered":"<p>En Sesi\u00f3n Extraordinaria de Cabildo para el periodo 2018-2021 este s\u00e1bado primero de septiembre se aprob\u00f3 por unanimidad la propuesta del Secretario del Ayuntamiento Humberto Arr\u00f3niz Reyes, quien posterior a esta ratificaci\u00f3n del Cuerpo Colegiado tom\u00f3 protesta y se comprometi\u00f3 ante el Presidente Municipal, Ra\u00fal Mor\u00f3n Orozco a servir a la ciudadan\u00eda.<\/p>\n<p>Arr\u00f3niz Reyes es licenciado en Derecho de la Universidad Michoacana de San Nicol\u00e1s de Hidalgo (UMSNH) y candidato a Maestro en Ciencias Pol\u00edticas por la Unidad de Posgrado de la UMSNH. Cuenta con una amplia experiencia en materia de atenci\u00f3n a grupos y movimientos sociales, as\u00ed como en la administraci\u00f3n p\u00fablica, planeaci\u00f3n y organizaci\u00f3n administrativa. Se ha desempe\u00f1ado como Procurador Social en Michoac\u00e1n, titular de la Comisi\u00f3n Coordinadora del Transporte P\u00fablico (COCOTRA), Secretario T\u00e9cnico del Gabinete Estatal, entre otros cargos.<\/p>\n<p>Posteriormente en el desarrollo de esta sesi\u00f3n extraordinaria de Cabildo se aprob\u00f3 de manera un\u00e1nime la propuesta de la Tesorera, Mar\u00eda del Remedio L\u00f3pez Moreno, quien ante el Cuerpo Colegiado reci\u00e9n instalado en su totalidad rindi\u00f3 protesta para defender y cuidar de las arcas municipales.<\/p>\n<p>Asimismo, en una segunda Sesi\u00f3n Extraordinaria del nuevo Cabildo Moreliano rindieron protesta: Rosalva Vidal P\u00e9rez, como\u00a0 Presidenta del DIF Municipal; Roberto Reyes Cosari, Secretario de Desarrollo Humano y Bienestar Social; Sergio Adem Argueta, Secretario de Obra Urbana; Gabriel Prado Fern\u00e1ndez, Secretario de Administraci\u00f3n; Roberto Monroy Garc\u00eda, Secretario de Turismo; Antonio Godoy Gonz\u00e1lez V\u00e9lez, Secretario de Movilidad y Espacio; Antonio Aguilera Espinosa, Director de Comunicaci\u00f3n Social y Julisa Su\u00e1rez Bucio, Comisionada de Seguridad.<\/p>\n<p>Adem\u00e1s, se aprob\u00f3 de manera un\u00e1nime en Sesi\u00f3n Extraordinaria de Cabildo el Punto de Acuerdo emitido por la S\u00edndico Labinia Aranda Ortega en el que se autoriza otorga poder notarial a diversos funcionarios p\u00fablicos municipales que se\u00f1ala que el Ayuntamiento concede la autorizaci\u00f3n a la ciudadana Aranda Ortega otorgue mandato con poder federal de pleitos y cobranzas con todas las facultades generales y especiales en un periodo que concluir\u00e1 el 31 de diciembre 2018.<\/p>\n<p>Entre ellos Norberto Bedolla Rend\u00f3n, Hiram Leyva Gil, Cristian Segura Alan\u00eds, Salvador Tamayo Basurto, Berenice Zarazua Cort\u00e9s, Daniela Torres Vega, Obeth Ram\u00edrez Dur\u00e1n, Edgar Vicente Vargas Chagoy\u00e1n, Dulce Araceli Bejarano Mondrag\u00f3n, Antonio Carlos Cort\u00e9s Arroyo, Jesica Guadalupe Tapia \u00c1valos, Josefina Correra Reyes, Alejandra Ramos Vargas Claudia Chico Guzm\u00e1n y Adriana Castro Ram\u00edrez, quienes dar\u00e1n continuidad de la defensa de los intereses jur\u00eddicos de los litigios en tr\u00e1mite y en los posteriores que el municipio sea parte.<\/p>\n<p>Finalmente, se recibi\u00f3 a la Comisi\u00f3n de Entrega Recepci\u00f3n del Ayuntamiento integrada por Jorge Atienzo Zavala representante de la Administraci\u00f3n Municipal Saliente 2015-2018 y al Secretario T\u00e9cnico de esta Comisi\u00f3n, Jos\u00e9 Benadad Orozco, quienes entregaron al Presidente Municipal Constitucional de Morelia, Ra\u00fal Mor\u00f3n Orozco la documentaci\u00f3n impresa y electr\u00f3nica que contiene la situaci\u00f3n que guarda la Administraci\u00f3n P\u00fablica Municipal.<\/p>\n<p>Subsecuentemente, la S\u00edndico, Labinia Aranda Ortega acompa\u00f1\u00f3 a los invitados a este acto afuera del Sal\u00f3n de Cabildo con lo cual qued\u00f3 entregada la Administraci\u00f3n P\u00fablica Municipal al presente Gobierno Municipal del periodo 2018-2021.<\/p>\n","protected":false},"excerpt":{"rendered":"<p>En Sesi\u00f3n Extraordinaria de Cabildo para el periodo 2018-2021 este s\u00e1bado primero de septiembre se aprob\u00f3 por unanimidad la propuesta del Secretario del Ayuntamiento Humberto Arr\u00f3niz Reyes, quien posterior a esta ratificaci\u00f3n del Cuerpo Colegiado tom\u00f3 protesta y se comprometi\u00f3 ante el Presidente Municipal, Ra\u00fal Mor\u00f3n Orozco a servir a la ciudadan\u00eda. Arr\u00f3niz Reyes es [&hellip;]<\/p>\n","protected":false},"author":2,"featured_media":56227,"comment_status":"closed","ping_status":"closed","sticky":false,"template":"","format":"standard","meta":{"footnotes":""},"categories":[9],"tags":[],"class_list":["post-56226","post","type-post","status-publish","format-standard","has-post-thumbnail","hentry","category-morelia"],"_links":{"self":[{"href":"https:\/\/radiowebmx.com\/nota\/wp-json\/wp\/v2\/posts\/56226","targetHints":{"allow":["GET"]}}],"collection":[{"href":"https:\/\/radiowebmx.com\/nota\/wp-json\/wp\/v2\/posts"}],"about":[{"href":"https:\/\/radiowebmx.com\/nota\/wp-json\/wp\/v2\/types\/post"}],"author":[{"embeddable":true,"href":"https:\/\/radiowebmx.com\/nota\/wp-json\/wp\/v2\/users\/2"}],"replies":[{"embeddable":true,"href":"https:\/\/radiowebmx.com\/nota\/wp-json\/wp\/v2\/comments?post=56226"}],"version-history":[{"count":1,"href":"https:\/\/radiowebmx.com\/nota\/wp-json\/wp\/v2\/posts\/56226\/revisions"}],"predecessor-version":[{"id":56228,"href":"https:\/\/radiowebmx.com\/nota\/wp-json\/wp\/v2\/posts\/56226\/revisions\/56228"}],"wp:featuredmedia":[{"embeddable":true,"href":"https:\/\/radiowebmx.com\/nota\/wp-json\/wp\/v2\/media\/56227"}],"wp:attachment":[{"href":"https:\/\/radiowebmx.com\/nota\/wp-json\/wp\/v2\/media?parent=56226"}],"wp:term":[{"taxonomy":"category","embeddable":true,"href":"https:\/\/radiowebmx.com\/nota\/wp-json\/wp\/v2\/categories?post=56226"},{"taxonomy":"post_tag","embeddable":true,"href":"https:\/\/radiowebmx.com\/nota\/wp-json\/wp\/v2\/tags?post=56226"}],"curies":[{"name":"wp","href":"https:\/\/api.w.org\/{rel}","templated":true}]}}