{"id":56223,"date":"2018-09-05T18:52:47","date_gmt":"2018-09-05T23:52:47","guid":{"rendered":"https:\/\/radiowebmx.com\/nota\/?p=56223"},"modified":"2018-09-05T18:52:47","modified_gmt":"2018-09-05T23:52:47","slug":"llama-raul-moron-a-construir-un-morelia-con-desarrollo-para-la-ciudadania","status":"publish","type":"post","link":"https:\/\/radiowebmx.com\/nota\/llama-raul-moron-a-construir-un-morelia-con-desarrollo-para-la-ciudadania\/","title":{"rendered":"Llama Ra\u00fal Mor\u00f3n a construir un Morelia con desarrollo para la ciudadan\u00eda"},"content":{"rendered":"<p>Prevalecer\u00e1 compromiso con los morelianos desde el primer minuto de la Administraci\u00f3n Municipal del periodo 2018-2021.<\/p>\n<p>Funcionarios y Cabildo instalado recibieron esta petici\u00f3n de construir un Morelia con una nueva visi\u00f3n de Gobierno Municipal.<\/p>\n<p>El Presidente Municipal Constitucional de Morelia, Ra\u00fal Mor\u00f3n Orozco hizo un llamado al Cabildo y su Gabinete Municipal, trabajar para alcanzar los niveles de desarrollo de una mejor calidad de vida para la ciudadan\u00eda en el municipio.<\/p>\n<p>En este sentido, record\u00f3 que se asumen compromisos importantes con los habitantes de este municipio, por lo cual conmin\u00f3 a los funcionarios municipales, que este s\u00e1bado primero de septiembre del presente a\u00f1o rindieron protesta, a conducirse con humildad, decoro, honestidad, sobriedad a ejercer las responsabilidades que conllevan los puestos otorgados por la confianza de la ciudadan\u00eda y que fueron ratificados hoy en Cabildo.<\/p>\n<p>Ante un sal\u00f3n de Cabildo repleto de familias, funcionarios municipales y Cabildo integrado, el presidente de Morelia, hizo un llamado para realizar una labor en el municipio para que la gente tenga mejores condiciones de desarrollo y pueda existir un desenvolvimiento del ser humano con integridad y capacidad plena.<\/p>\n<p>Mor\u00f3n Orozco pidi\u00f3 a hombres y mujeres que integran este Cabildo 2018-2021 a cumplir con las altas expectativas que se tienen en \u00e9l y construir en equipo, con di\u00e1logo pleno, con las diferentes visiones y argumentos la toma de acuerdos en beneficio de la ciudad.<\/p>\n<p>\u201cCumplamos con este compromiso que hemos protestado el d\u00eda de hoy, todos y todas, y hagamos todo lo que este de nuestra parte para poder construir esta visi\u00f3n de lo que debe ser el municipio de Morelia\u201d, destac\u00f3 el Presidente Municipal, Ra\u00fal Mor\u00f3n.<\/p>\n<p>Finalmente, afirm\u00f3 que es un gran honor la responsabilidad de estar al frente del Ayuntamiento de Morelia e invit\u00f3 a los funcionarios municipales a disfrutar de su labor en beneficio de la poblaci\u00f3n.<\/p>\n","protected":false},"excerpt":{"rendered":"<p>Prevalecer\u00e1 compromiso con los morelianos desde el primer minuto de la Administraci\u00f3n Municipal del periodo 2018-2021. Funcionarios y Cabildo instalado recibieron esta petici\u00f3n de construir un Morelia con una nueva visi\u00f3n de Gobierno Municipal. El Presidente Municipal Constitucional de Morelia, Ra\u00fal Mor\u00f3n Orozco hizo un llamado al Cabildo y su Gabinete Municipal, trabajar para alcanzar [&hellip;]<\/p>\n","protected":false},"author":2,"featured_media":56224,"comment_status":"closed","ping_status":"closed","sticky":false,"template":"","format":"standard","meta":{"footnotes":""},"categories":[9],"tags":[],"class_list":["post-56223","post","type-post","status-publish","format-standard","has-post-thumbnail","hentry","category-morelia"],"_links":{"self":[{"href":"https:\/\/radiowebmx.com\/nota\/wp-json\/wp\/v2\/posts\/56223","targetHints":{"allow":["GET"]}}],"collection":[{"href":"https:\/\/radiowebmx.com\/nota\/wp-json\/wp\/v2\/posts"}],"about":[{"href":"https:\/\/radiowebmx.com\/nota\/wp-json\/wp\/v2\/types\/post"}],"author":[{"embeddable":true,"href":"https:\/\/radiowebmx.com\/nota\/wp-json\/wp\/v2\/users\/2"}],"replies":[{"embeddable":true,"href":"https:\/\/radiowebmx.com\/nota\/wp-json\/wp\/v2\/comments?post=56223"}],"version-history":[{"count":1,"href":"https:\/\/radiowebmx.com\/nota\/wp-json\/wp\/v2\/posts\/56223\/revisions"}],"predecessor-version":[{"id":56225,"href":"https:\/\/radiowebmx.com\/nota\/wp-json\/wp\/v2\/posts\/56223\/revisions\/56225"}],"wp:featuredmedia":[{"embeddable":true,"href":"https:\/\/radiowebmx.com\/nota\/wp-json\/wp\/v2\/media\/56224"}],"wp:attachment":[{"href":"https:\/\/radiowebmx.com\/nota\/wp-json\/wp\/v2\/media?parent=56223"}],"wp:term":[{"taxonomy":"category","embeddable":true,"href":"https:\/\/radiowebmx.com\/nota\/wp-json\/wp\/v2\/categories?post=56223"},{"taxonomy":"post_tag","embeddable":true,"href":"https:\/\/radiowebmx.com\/nota\/wp-json\/wp\/v2\/tags?post=56223"}],"curies":[{"name":"wp","href":"https:\/\/api.w.org\/{rel}","templated":true}]}}