{"id":56220,"date":"2018-09-05T18:50:52","date_gmt":"2018-09-05T23:50:52","guid":{"rendered":"https:\/\/radiowebmx.com\/nota\/?p=56220"},"modified":"2018-09-05T18:51:05","modified_gmt":"2018-09-05T23:51:05","slug":"izamiento-de-bandera-nacional","status":"publish","type":"post","link":"https:\/\/radiowebmx.com\/nota\/izamiento-de-bandera-nacional\/","title":{"rendered":"Izamiento de Bandera Nacional"},"content":{"rendered":"<p>El Presidente Constitucional de Morelia, Ra\u00fal Mor\u00f3n Orozco, encabez\u00f3 el Izamiento de la Bandera Nacional Monumental, acto con el cual inician las actividades a realizarse con motivo del mes patrio, as\u00ed como el arranque del nuevo Gobierno Municipal.<\/p>\n<p>Acompa\u00f1ado por el Gobernador del Estado, Silvano Aureoles Conejo, autoridades estatales y municipales, el presidente Ra\u00fal Mor\u00f3n, presenci\u00f3 con respeto el acto constitucional que enmarca el inicio de una nueva administraci\u00f3n<\/p>\n<p>El Izamiento de la Bandera Nacional Monumental estuvo a cargo del 12\u00ba Batall\u00f3n de Infanter\u00eda de la XXI Zona Militar, quienes a trav\u00e9s de un acto c\u00edvico-militar rindieron honores al L\u00e1baro Patrio.<\/p>\n","protected":false},"excerpt":{"rendered":"<p>El Presidente Constitucional de Morelia, Ra\u00fal Mor\u00f3n Orozco, encabez\u00f3 el Izamiento de la Bandera Nacional Monumental, acto con el cual inician las actividades a realizarse con motivo del mes patrio, as\u00ed como el arranque del nuevo Gobierno Municipal. Acompa\u00f1ado por el Gobernador del Estado, Silvano Aureoles Conejo, autoridades estatales y municipales, el presidente Ra\u00fal Mor\u00f3n, [&hellip;]<\/p>\n","protected":false},"author":2,"featured_media":56222,"comment_status":"closed","ping_status":"closed","sticky":false,"template":"","format":"standard","meta":{"footnotes":""},"categories":[9],"tags":[],"class_list":["post-56220","post","type-post","status-publish","format-standard","has-post-thumbnail","hentry","category-morelia"],"_links":{"self":[{"href":"https:\/\/radiowebmx.com\/nota\/wp-json\/wp\/v2\/posts\/56220","targetHints":{"allow":["GET"]}}],"collection":[{"href":"https:\/\/radiowebmx.com\/nota\/wp-json\/wp\/v2\/posts"}],"about":[{"href":"https:\/\/radiowebmx.com\/nota\/wp-json\/wp\/v2\/types\/post"}],"author":[{"embeddable":true,"href":"https:\/\/radiowebmx.com\/nota\/wp-json\/wp\/v2\/users\/2"}],"replies":[{"embeddable":true,"href":"https:\/\/radiowebmx.com\/nota\/wp-json\/wp\/v2\/comments?post=56220"}],"version-history":[{"count":1,"href":"https:\/\/radiowebmx.com\/nota\/wp-json\/wp\/v2\/posts\/56220\/revisions"}],"predecessor-version":[{"id":56221,"href":"https:\/\/radiowebmx.com\/nota\/wp-json\/wp\/v2\/posts\/56220\/revisions\/56221"}],"wp:featuredmedia":[{"embeddable":true,"href":"https:\/\/radiowebmx.com\/nota\/wp-json\/wp\/v2\/media\/56222"}],"wp:attachment":[{"href":"https:\/\/radiowebmx.com\/nota\/wp-json\/wp\/v2\/media?parent=56220"}],"wp:term":[{"taxonomy":"category","embeddable":true,"href":"https:\/\/radiowebmx.com\/nota\/wp-json\/wp\/v2\/categories?post=56220"},{"taxonomy":"post_tag","embeddable":true,"href":"https:\/\/radiowebmx.com\/nota\/wp-json\/wp\/v2\/tags?post=56220"}],"curies":[{"name":"wp","href":"https:\/\/api.w.org\/{rel}","templated":true}]}}