{"id":56135,"date":"2018-09-01T21:04:49","date_gmt":"2018-09-02T02:04:49","guid":{"rendered":"https:\/\/radiowebmx.com\/nota\/?p=56135"},"modified":"2018-09-01T21:04:49","modified_gmt":"2018-09-02T02:04:49","slug":"parlamentarios-juveniles-exponen-iniciativas-y-proyectos-al-gobernador","status":"publish","type":"post","link":"https:\/\/radiowebmx.com\/nota\/parlamentarios-juveniles-exponen-iniciativas-y-proyectos-al-gobernador\/","title":{"rendered":"Parlamentarios juveniles, exponen iniciativas y proyectos al gobernador"},"content":{"rendered":"<p class=\"x_MsoNormal\"><b><span lang=\"ES-MX\">Morelia; Michoac\u00e1n, 30 de agosto de 2018<\/span><\/b><span lang=\"ES-MX\">.- Los integrantes del Sexto Parlamento Juvenil se reunieron con\u00a0\u00a0Silvano Aureoles Conejo, Gobernador de Michoac\u00e1n, a quien expusieron sus iniciativas y proyectos.\u00a0<\/span><\/p>\n<p class=\"x_MsoNormal\"><span lang=\"ES-MX\">Por gestiones del Comit\u00e9 Organizador, encabezado por el diputado Enrique Zepeda y Cecilia Lazo de la Vega, se organiz\u00f3 este encuentro en Casa de Gobierno. Asistieron la legisladora Alma Mireya Gonz\u00e1lez Sanchez, as\u00ed como funcionarios de la administraci\u00f3n estatal.<\/span><\/p>\n","protected":false},"excerpt":{"rendered":"<p>Morelia; Michoac\u00e1n, 30 de agosto de 2018.- Los integrantes del Sexto Parlamento Juvenil se reunieron con\u00a0\u00a0Silvano Aureoles Conejo, Gobernador de Michoac\u00e1n, a quien expusieron sus iniciativas y proyectos.\u00a0 Por gestiones del Comit\u00e9 Organizador, encabezado por el diputado Enrique Zepeda y Cecilia Lazo de la Vega, se organiz\u00f3 este encuentro en Casa de Gobierno. Asistieron la [&hellip;]<\/p>\n","protected":false},"author":2,"featured_media":56136,"comment_status":"closed","ping_status":"closed","sticky":false,"template":"","format":"standard","meta":{"footnotes":""},"categories":[6],"tags":[],"class_list":["post-56135","post","type-post","status-publish","format-standard","has-post-thumbnail","hentry","category-congreso-del-estado"],"_links":{"self":[{"href":"https:\/\/radiowebmx.com\/nota\/wp-json\/wp\/v2\/posts\/56135","targetHints":{"allow":["GET"]}}],"collection":[{"href":"https:\/\/radiowebmx.com\/nota\/wp-json\/wp\/v2\/posts"}],"about":[{"href":"https:\/\/radiowebmx.com\/nota\/wp-json\/wp\/v2\/types\/post"}],"author":[{"embeddable":true,"href":"https:\/\/radiowebmx.com\/nota\/wp-json\/wp\/v2\/users\/2"}],"replies":[{"embeddable":true,"href":"https:\/\/radiowebmx.com\/nota\/wp-json\/wp\/v2\/comments?post=56135"}],"version-history":[{"count":1,"href":"https:\/\/radiowebmx.com\/nota\/wp-json\/wp\/v2\/posts\/56135\/revisions"}],"predecessor-version":[{"id":56137,"href":"https:\/\/radiowebmx.com\/nota\/wp-json\/wp\/v2\/posts\/56135\/revisions\/56137"}],"wp:featuredmedia":[{"embeddable":true,"href":"https:\/\/radiowebmx.com\/nota\/wp-json\/wp\/v2\/media\/56136"}],"wp:attachment":[{"href":"https:\/\/radiowebmx.com\/nota\/wp-json\/wp\/v2\/media?parent=56135"}],"wp:term":[{"taxonomy":"category","embeddable":true,"href":"https:\/\/radiowebmx.com\/nota\/wp-json\/wp\/v2\/categories?post=56135"},{"taxonomy":"post_tag","embeddable":true,"href":"https:\/\/radiowebmx.com\/nota\/wp-json\/wp\/v2\/tags?post=56135"}],"curies":[{"name":"wp","href":"https:\/\/api.w.org\/{rel}","templated":true}]}}