{"id":56112,"date":"2018-08-30T17:45:36","date_gmt":"2018-08-30T22:45:36","guid":{"rendered":"https:\/\/radiowebmx.com\/nota\/?p=56112"},"modified":"2018-08-30T17:45:36","modified_gmt":"2018-08-30T22:45:36","slug":"arranca-6o-parlamento-juvenil-michoacan-2018","status":"publish","type":"post","link":"https:\/\/radiowebmx.com\/nota\/arranca-6o-parlamento-juvenil-michoacan-2018\/","title":{"rendered":"Arranca 6\u00ba Parlamento Juvenil Michoac\u00e1n 2018"},"content":{"rendered":"<p class=\"x_MsoNormal\">Con la elecci\u00f3n de los cuatro j\u00f3venes parlamentarios que conformar\u00e1n la Mesa Directiva, iniciaron los trabajos del 6\u00ba Parlamento Juvenil Michoac\u00e1n 2018.<\/p>\n<p class=\"x_MsoNormal\">La Mesa Directiva ser\u00e1 presidida por Axel Mayo Espinoza, e integrada por Yolanda Soto Morales, Jes\u00fas Eduardo S\u00e1enz Ceja y Karla Daniela Garc\u00eda Ram\u00edrez, en los cargos de primero, segundo y tercer secretario respectivamente; durante este ejercicio, organizado por la LXXIIII Legislatura para impulsar el desarrollo de los j\u00f3venes que est\u00e1n interesados en conocer y participar activamente en el \u00e1mbito pol\u00edtico social de la Entidad.<\/p>\n<p class=\"x_MsoNormal\">El evento fue encabezado por los diputados Enrique Zepeda y Cecilia Lazo de la Vega; as\u00ed como por Juan Jos\u00e9 Moreno Cisneros, vocal de educaci\u00f3n c\u00edvica y capacitaci\u00f3n ciudadana del Instituto Electoral de Michoac\u00e1n (IEM) y Carlos Francisco Castelazo Mendoza, director del Instituto de Investigaciones y Estudios Legislativos (IIEL), presidente e integrantes respectivamente, del Comit\u00e9 Organizador del Parlamento Juvenil.<\/p>\n<p class=\"x_MsoNormal\">La elecci\u00f3n de la Mesa Directiva corri\u00f3 a cargo del Comit\u00e9 Organizador, quienes sortearon los nombres de nueve parlamentarios, cuyos trabajos fueron calificados con promedio de excelencia; y atendiendo al criterio de equidad de g\u00e9nero, para la designaci\u00f3n de sus integrantes.<\/p>\n","protected":false},"excerpt":{"rendered":"<p>Con la elecci\u00f3n de los cuatro j\u00f3venes parlamentarios que conformar\u00e1n la Mesa Directiva, iniciaron los trabajos del 6\u00ba Parlamento Juvenil Michoac\u00e1n 2018. La Mesa Directiva ser\u00e1 presidida por Axel Mayo Espinoza, e integrada por Yolanda Soto Morales, Jes\u00fas Eduardo S\u00e1enz Ceja y Karla Daniela Garc\u00eda Ram\u00edrez, en los cargos de primero, segundo y tercer secretario [&hellip;]<\/p>\n","protected":false},"author":2,"featured_media":56113,"comment_status":"closed","ping_status":"closed","sticky":false,"template":"","format":"standard","meta":{"footnotes":""},"categories":[6],"tags":[],"class_list":["post-56112","post","type-post","status-publish","format-standard","has-post-thumbnail","hentry","category-congreso-del-estado"],"_links":{"self":[{"href":"https:\/\/radiowebmx.com\/nota\/wp-json\/wp\/v2\/posts\/56112","targetHints":{"allow":["GET"]}}],"collection":[{"href":"https:\/\/radiowebmx.com\/nota\/wp-json\/wp\/v2\/posts"}],"about":[{"href":"https:\/\/radiowebmx.com\/nota\/wp-json\/wp\/v2\/types\/post"}],"author":[{"embeddable":true,"href":"https:\/\/radiowebmx.com\/nota\/wp-json\/wp\/v2\/users\/2"}],"replies":[{"embeddable":true,"href":"https:\/\/radiowebmx.com\/nota\/wp-json\/wp\/v2\/comments?post=56112"}],"version-history":[{"count":1,"href":"https:\/\/radiowebmx.com\/nota\/wp-json\/wp\/v2\/posts\/56112\/revisions"}],"predecessor-version":[{"id":56114,"href":"https:\/\/radiowebmx.com\/nota\/wp-json\/wp\/v2\/posts\/56112\/revisions\/56114"}],"wp:featuredmedia":[{"embeddable":true,"href":"https:\/\/radiowebmx.com\/nota\/wp-json\/wp\/v2\/media\/56113"}],"wp:attachment":[{"href":"https:\/\/radiowebmx.com\/nota\/wp-json\/wp\/v2\/media?parent=56112"}],"wp:term":[{"taxonomy":"category","embeddable":true,"href":"https:\/\/radiowebmx.com\/nota\/wp-json\/wp\/v2\/categories?post=56112"},{"taxonomy":"post_tag","embeddable":true,"href":"https:\/\/radiowebmx.com\/nota\/wp-json\/wp\/v2\/tags?post=56112"}],"curies":[{"name":"wp","href":"https:\/\/api.w.org\/{rel}","templated":true}]}}