{"id":56085,"date":"2018-08-30T13:10:53","date_gmt":"2018-08-30T18:10:53","guid":{"rendered":"https:\/\/radiowebmx.com\/nota\/?p=56085"},"modified":"2018-08-30T13:11:21","modified_gmt":"2018-08-30T18:11:21","slug":"aprueba-congreso-su-presupuesto-para-2019","status":"publish","type":"post","link":"https:\/\/radiowebmx.com\/nota\/aprueba-congreso-su-presupuesto-para-2019\/","title":{"rendered":"Aprueba Congreso su presupuesto para 2019"},"content":{"rendered":"<p class=\"x_gmail-m6553937169284291845ydpec4d99dfmsonormal\">La Septuag\u00e9sima Tercera Legislatura aprobaron un presupuesto austero y racional, por m\u00e1s de 923.8 millones de pesos, para el ejercicio fiscal 2019, lo que permitir\u00e1 a los diputados de la pr\u00f3xima legislatura a enfrentar las obligaciones financieras.<\/p>\n<p class=\"x_gmail-m6553937169284291845ydpec4d99dfmsonormal\">De acuerdo al dictamen que fue presentado por los diputados que integran la Junta de Coordinaci\u00f3n Pol\u00edtica y el Comit\u00e9 de Administraci\u00f3n y Control, el proyecto se estructur\u00f3 para garantizar el funcionamiento eficiente y eficaz de las comisiones, comit\u00e9s y de los \u00f3rganos t\u00e9cnicos y administrativos de la C\u00e1mara de Diputados de Michoac\u00e1n.<\/p>\n<p class=\"x_gmail-m6553937169284291845ydpec4d99dfmsonormal\">La propuesta aprobada por mayor\u00eda qued\u00f3 en un presupuesto para el ejercicio fiscal de 2019 en 923 millones 814 mil 303 pesos, que tambi\u00e9n atender\u00e1 a la Auditor\u00eda Superior de Michoac\u00e1n, Secretar\u00eda de Servicios Parlamentarios, Secretar\u00eda de Administraci\u00f3n y Finanzas, Contralor\u00eda Interna, Coordinaci\u00f3n de Comunicaci\u00f3n Social, Coordinaci\u00f3n de Atenci\u00f3n Ciudadana y Gestor\u00eda, Coordinaci\u00f3n de Transparencia y Acceso a la Informaci\u00f3n P\u00fablica y el Instituto de Investigaciones y Estudios Legislativos.<\/p>\n<p class=\"x_gmail-m6553937169284291845ydpec4d99dfmsonormal\">El Presidente de la Mesa Directiva del congreso y del Comit\u00e9 de Administraci\u00f3n y Control, diputado Roberto Carlos L\u00f3pez Garc\u00eda, subi\u00f3 a la tribuna para presentar una propuesta de disminuci\u00f3n a la propuesta inicial que era de un mil 023 millones 814 mil 303 pesos; sin embarg\u00f3, se propuso una disminuci\u00f3n de 100 millones de peso, la cual fue aprobada por unanimidad.<\/p>\n<p class=\"x_gmail-m6553937169284291845ydpec4d99dfmsonormal\">Mencion\u00f3 que a lo largo de la actual legislatura se han presentado presupuestos con un plan de autoridad y se trabaj\u00f3 en el combate al d\u00e9ficit presupuestario adem\u00e1s de que se tuvieron que atender diversos conflictos laborales que deterioraron la econom\u00eda del Poder Legislativo.<\/p>\n<p class=\"x_gmail-m6553937169284291845ydpec4d99dfmsonormal\">Finalmente se\u00f1al\u00f3 que se deja un presupuesto que permita a la siguiente legislatura enfrentar las obligaciones financieras correspondientes.<\/p>\n","protected":false},"excerpt":{"rendered":"<p>La Septuag\u00e9sima Tercera Legislatura aprobaron un presupuesto austero y racional, por m\u00e1s de 923.8 millones de pesos, para el ejercicio fiscal 2019, lo que permitir\u00e1 a los diputados de la pr\u00f3xima legislatura a enfrentar las obligaciones financieras. De acuerdo al dictamen que fue presentado por los diputados que integran la Junta de Coordinaci\u00f3n Pol\u00edtica y [&hellip;]<\/p>\n","protected":false},"author":2,"featured_media":56087,"comment_status":"closed","ping_status":"closed","sticky":false,"template":"","format":"standard","meta":{"footnotes":""},"categories":[6],"tags":[],"class_list":["post-56085","post","type-post","status-publish","format-standard","has-post-thumbnail","hentry","category-congreso-del-estado"],"_links":{"self":[{"href":"https:\/\/radiowebmx.com\/nota\/wp-json\/wp\/v2\/posts\/56085","targetHints":{"allow":["GET"]}}],"collection":[{"href":"https:\/\/radiowebmx.com\/nota\/wp-json\/wp\/v2\/posts"}],"about":[{"href":"https:\/\/radiowebmx.com\/nota\/wp-json\/wp\/v2\/types\/post"}],"author":[{"embeddable":true,"href":"https:\/\/radiowebmx.com\/nota\/wp-json\/wp\/v2\/users\/2"}],"replies":[{"embeddable":true,"href":"https:\/\/radiowebmx.com\/nota\/wp-json\/wp\/v2\/comments?post=56085"}],"version-history":[{"count":2,"href":"https:\/\/radiowebmx.com\/nota\/wp-json\/wp\/v2\/posts\/56085\/revisions"}],"predecessor-version":[{"id":56089,"href":"https:\/\/radiowebmx.com\/nota\/wp-json\/wp\/v2\/posts\/56085\/revisions\/56089"}],"wp:featuredmedia":[{"embeddable":true,"href":"https:\/\/radiowebmx.com\/nota\/wp-json\/wp\/v2\/media\/56087"}],"wp:attachment":[{"href":"https:\/\/radiowebmx.com\/nota\/wp-json\/wp\/v2\/media?parent=56085"}],"wp:term":[{"taxonomy":"category","embeddable":true,"href":"https:\/\/radiowebmx.com\/nota\/wp-json\/wp\/v2\/categories?post=56085"},{"taxonomy":"post_tag","embeddable":true,"href":"https:\/\/radiowebmx.com\/nota\/wp-json\/wp\/v2\/tags?post=56085"}],"curies":[{"name":"wp","href":"https:\/\/api.w.org\/{rel}","templated":true}]}}