{"id":56082,"date":"2018-08-30T13:07:17","date_gmt":"2018-08-30T18:07:17","guid":{"rendered":"https:\/\/radiowebmx.com\/nota\/?p=56082"},"modified":"2018-08-30T13:07:17","modified_gmt":"2018-08-30T18:07:17","slug":"alfonso-martinez-supervisa-obras-de-mantenimiento-y-embellecimiento-de-las-calles-valladolid-y-antonio-alzate","status":"publish","type":"post","link":"https:\/\/radiowebmx.com\/nota\/alfonso-martinez-supervisa-obras-de-mantenimiento-y-embellecimiento-de-las-calles-valladolid-y-antonio-alzate\/","title":{"rendered":"Alfonso Mart\u00ednez supervisa obras de mantenimiento y embellecimiento de las calles Valladolid y Antonio Alzate"},"content":{"rendered":"<p>\u2022\u00a0 \u00a0 \u00a0 \u00a0 \u00a0 \u00a0 Dichas acciones forman parte de la atenci\u00f3n integral al Centro Hist\u00f3rico y en beneficio de la ciudadan\u00eda.<\/p>\n<p>\u2022\u00a0\u00a0\u00a0\u00a0\u00a0\u00a0\u00a0\u00a0\u00a0\u00a0\u00a0\u00a0 Con las obras del Gobierno Independiente se formar\u00e1 \u201cun corredor\u201d en la zona centro.<\/p>\n<div>\nMorelia, Mich; a 29 de agosto de 2018.<br \/>\nBOLET\u00cdN. 1472\/2018.<\/div>\n<p>&nbsp;<\/p>\n<div>Con el objetivo de dar revisi\u00f3n a estas importantes obras que tiene como fin abonar a la movilidad y proyecci\u00f3n del Centro Hist\u00f3rico de la ciudad, el Presidente Municipal de Morelia, Alfonso Mart\u00ednez Alc\u00e1zar, encabez\u00f3 una visita de supervisi\u00f3n del mantenimiento y embellecimiento de las calles Valladolid y Antonio Alzate.<\/p>\n<p>Acompa\u00f1ado por el Secretario de Desarrollo Metropolitano e Infraestructura, Juan Fernando Sosa Tapia, el Alcalde Moreliano corrobor\u00f3 el avance de dichas acciones, las cuales se mantienen en\u00a0 la preparaci\u00f3n de la base sobre la cu\u00e1l ser\u00e1 tendida una nueva pavimentaci\u00f3n con concreto hidr\u00e1ulico y p\u00f3rfido, sobre una nueva la instalaci\u00f3n de red de agua potable y drenaje.<\/p>\n<p>Mart\u00ednez Alc\u00e1zar explic\u00f3 que la supervisi\u00f3n de dichas construcciones en las vialidades Antonio Alzate y Valladolid forma parte de un circuito de movilidad que se complementar\u00e1n con obras en las calles Virrey de Mendoza y Vasco de Quiroga en el centro hist\u00f3rico moreliano. Esto generar\u00e1 \u201cun corredor\u201d que permita adem\u00e1s agilizar la fluidez vehicular y rescatar zonas p\u00fablicas, como se hizo en la Avenida H\u00e9roes de Nocup\u00e9taro.<\/p>\n<p>\u201cSalvamos esa zona, la rescatamos, porque estaba en manos de la drogadicci\u00f3n, de la prostituci\u00f3n, el vandalismo, ah\u00ed hicimos la Comisaria del Centro Hist\u00f3rico; adem\u00e1s se hicieron calles peatonales para conectar la zona del centro y ahora estamos conectando por medio de Antonio Alzate hasta el Bosque Cuauht\u00e9moc\u201d, expuso el Alcalde Alfonso Mart\u00ednez.<\/p>\n<p>Asimismo, el Secretario de Desarrollo Metropolitano expuso que dichas obras en supervisi\u00f3n y ejecuci\u00f3n, se desprenden de la gesti\u00f3n federal por el orden de casi 9 millones de pesos. Adem\u00e1s de que record\u00f3 que la Administraci\u00f3n Independiente de Alfonso Mart\u00ednez ejecut\u00f3 alrededor de mil 200 obras en sus tres a\u00f1os, mismas que est\u00e1n garantizadas para su construcci\u00f3n y perdurabilidad.<\/p>\n<p>De esta manera, la Administraci\u00f3n Independiente contin\u00faa con acciones decididas para el mejoramiento de las vialidades del municipio, dando as\u00ed rumbo a la ciudad mediante una red de movilidad incluyente y de calidad.<\/p><\/div>\n","protected":false},"excerpt":{"rendered":"<p>\u2022\u00a0 \u00a0 \u00a0 \u00a0 \u00a0 \u00a0 Dichas acciones forman parte de la atenci\u00f3n integral al Centro Hist\u00f3rico y en beneficio de la ciudadan\u00eda. \u2022\u00a0\u00a0\u00a0\u00a0\u00a0\u00a0\u00a0\u00a0\u00a0\u00a0\u00a0\u00a0 Con las obras del Gobierno Independiente se formar\u00e1 \u201cun corredor\u201d en la zona centro. Morelia, Mich; a 29 de agosto de 2018. BOLET\u00cdN. 1472\/2018. &nbsp; Con el objetivo de dar revisi\u00f3n [&hellip;]<\/p>\n","protected":false},"author":2,"featured_media":56083,"comment_status":"closed","ping_status":"closed","sticky":false,"template":"","format":"standard","meta":{"footnotes":""},"categories":[9],"tags":[],"class_list":["post-56082","post","type-post","status-publish","format-standard","has-post-thumbnail","hentry","category-morelia"],"_links":{"self":[{"href":"https:\/\/radiowebmx.com\/nota\/wp-json\/wp\/v2\/posts\/56082","targetHints":{"allow":["GET"]}}],"collection":[{"href":"https:\/\/radiowebmx.com\/nota\/wp-json\/wp\/v2\/posts"}],"about":[{"href":"https:\/\/radiowebmx.com\/nota\/wp-json\/wp\/v2\/types\/post"}],"author":[{"embeddable":true,"href":"https:\/\/radiowebmx.com\/nota\/wp-json\/wp\/v2\/users\/2"}],"replies":[{"embeddable":true,"href":"https:\/\/radiowebmx.com\/nota\/wp-json\/wp\/v2\/comments?post=56082"}],"version-history":[{"count":1,"href":"https:\/\/radiowebmx.com\/nota\/wp-json\/wp\/v2\/posts\/56082\/revisions"}],"predecessor-version":[{"id":56084,"href":"https:\/\/radiowebmx.com\/nota\/wp-json\/wp\/v2\/posts\/56082\/revisions\/56084"}],"wp:featuredmedia":[{"embeddable":true,"href":"https:\/\/radiowebmx.com\/nota\/wp-json\/wp\/v2\/media\/56083"}],"wp:attachment":[{"href":"https:\/\/radiowebmx.com\/nota\/wp-json\/wp\/v2\/media?parent=56082"}],"wp:term":[{"taxonomy":"category","embeddable":true,"href":"https:\/\/radiowebmx.com\/nota\/wp-json\/wp\/v2\/categories?post=56082"},{"taxonomy":"post_tag","embeddable":true,"href":"https:\/\/radiowebmx.com\/nota\/wp-json\/wp\/v2\/tags?post=56082"}],"curies":[{"name":"wp","href":"https:\/\/api.w.org\/{rel}","templated":true}]}}