{"id":56038,"date":"2018-08-27T12:08:47","date_gmt":"2018-08-27T17:08:47","guid":{"rendered":"https:\/\/radiowebmx.com\/nota\/?p=56038"},"modified":"2018-08-27T12:08:47","modified_gmt":"2018-08-27T17:08:47","slug":"alcalde-alfonso-martinez-encabeza-cierre-de-temporada-de-reforestacion-2018","status":"publish","type":"post","link":"https:\/\/radiowebmx.com\/nota\/alcalde-alfonso-martinez-encabeza-cierre-de-temporada-de-reforestacion-2018\/","title":{"rendered":"Alcalde Alfonso Mart\u00ednez encabeza cierre de Temporada de Reforestaci\u00f3n 2018"},"content":{"rendered":"<p>Con el fin de continuar con acciones en pro del medio ambiente y en favor de todos los ciudadanos, el Presidente Municipal de Morelia, Alfonso Mart\u00ednez Alc\u00e1zar, encabez\u00f3 el cierre del Programa Reforestaci\u00f3n del 2018 en San Miguel del Monte, el cual tuvo alcances en esta Administraci\u00f3n Municipal\u00a0 de 700 mil \u00e1rboles plantados.<\/p>\n<p>Las Direcciones Municipales de Medio Ambiente y Sustentabilidad, as\u00ed como Imagen Urbana, en conjunto con la empresa Walmart y la Comisi\u00f3n Forestal del Estado, impulsaron la labor institucional mediante la cual se plantaron localidad 2 mil 500 \u00e1rboles tipo pino, los cuales aprovechar\u00e1n la humedad existente en los suelos y subsuelos por la temporada de lluvias.<\/p>\n<p>En este sentido el Alcalde Moreliano record\u00f3 el fuerte compromiso de su Administraci\u00f3n con el medio ambiente y que las actividades de reforestaci\u00f3n\u00a0 permiten no solo realizar algo bueno por el entorno inmediato, sino que tambi\u00e9n significan dotar al municipio de pulmones verdes, una mejor recarga de mantos fre\u00e1ticos y menores efectos adversos por las precipitaciones pluviales.<\/p>\n<p>El Presidente Municipal estuvo acompa\u00f1ado por Alejandra Gonz\u00e1lez, Coordinadora de la empresa Walmart; el Jefe de Tenencia de San Miguel del Monte, Ernesto Cruz Vel\u00e1zquez; el propietario del predio, Marcelino \u00c1valos Tinoco y los Directores de Medio Ambiente y Sustentabilidad, Marco Tulio Campos Vargas y de Imagen Urbana, Juan Jos\u00e9 Ortiz L\u00f3pez.<\/p>\n<p>Asimismo, el Director de Medio Ambiente y Sustentabilidad, Marco Tulio Campos Vargas, inform\u00f3 que el programa de reforestaci\u00f3n se enfoc\u00f3 en aquellas \u00e1reas que tuvieran las mejores condiciones para la supervivencia de las plantas y se eligieron zonas rurales y urbanas para realizar esta labor en la que tambi\u00e9n participa el Gobierno Federal y Estatal a trav\u00e9s de las dependencias afines.<\/p>\n<p>Algunas de las localidades que destacan y que fueron reforestadas son: Jes\u00fas del Monte, San Miguel del Monte, Tiripet\u00edo, el Bosque Bicentenario, San Jos\u00e9 de las Torres, el Predio de la Maiza. Este a\u00f1o se cumpli\u00f3 la meta de replantar 96 mil \u00e1rboles, mientras que en los tres a\u00f1os de Administraci\u00f3n Municipal Independiente se tuvo una reforestaci\u00f3n de cerca de 700 mil ejemplares, inform\u00f3 el Director.<\/p>\n<p>Adem\u00e1s Campos Vargas destac\u00f3 que el programa &#8220;Adopta un \u00c1rbol&#8221; impulsado por esta Administraci\u00f3n permite que la ciudadan\u00eda ayude y sea vigilante de las diferentes especies plantadas mediante reforestaci\u00f3n, y de esta manera los ejemplares lleguen a una vida adulta para ayudar al medio ambiente en el municipio.<\/p>\n<p>Con el cierre de estas acciones y el registro de numerosos \u00e1rboles replantados en zonas estrat\u00e9gicas de Morelia, la Administraci\u00f3n Municipal Independiente encabezada por Mart\u00ednez Alc\u00e1zar refrenda su vocaci\u00f3n como un Gobierno protector e impulsor del medio ambiente.<\/p>\n","protected":false},"excerpt":{"rendered":"<p>Con el fin de continuar con acciones en pro del medio ambiente y en favor de todos los ciudadanos, el Presidente Municipal de Morelia, Alfonso Mart\u00ednez Alc\u00e1zar, encabez\u00f3 el cierre del Programa Reforestaci\u00f3n del 2018 en San Miguel del Monte, el cual tuvo alcances en esta Administraci\u00f3n Municipal\u00a0 de 700 mil \u00e1rboles plantados. Las Direcciones [&hellip;]<\/p>\n","protected":false},"author":2,"featured_media":56039,"comment_status":"closed","ping_status":"closed","sticky":false,"template":"","format":"standard","meta":{"footnotes":""},"categories":[9],"tags":[],"class_list":["post-56038","post","type-post","status-publish","format-standard","has-post-thumbnail","hentry","category-morelia"],"_links":{"self":[{"href":"https:\/\/radiowebmx.com\/nota\/wp-json\/wp\/v2\/posts\/56038","targetHints":{"allow":["GET"]}}],"collection":[{"href":"https:\/\/radiowebmx.com\/nota\/wp-json\/wp\/v2\/posts"}],"about":[{"href":"https:\/\/radiowebmx.com\/nota\/wp-json\/wp\/v2\/types\/post"}],"author":[{"embeddable":true,"href":"https:\/\/radiowebmx.com\/nota\/wp-json\/wp\/v2\/users\/2"}],"replies":[{"embeddable":true,"href":"https:\/\/radiowebmx.com\/nota\/wp-json\/wp\/v2\/comments?post=56038"}],"version-history":[{"count":1,"href":"https:\/\/radiowebmx.com\/nota\/wp-json\/wp\/v2\/posts\/56038\/revisions"}],"predecessor-version":[{"id":56040,"href":"https:\/\/radiowebmx.com\/nota\/wp-json\/wp\/v2\/posts\/56038\/revisions\/56040"}],"wp:featuredmedia":[{"embeddable":true,"href":"https:\/\/radiowebmx.com\/nota\/wp-json\/wp\/v2\/media\/56039"}],"wp:attachment":[{"href":"https:\/\/radiowebmx.com\/nota\/wp-json\/wp\/v2\/media?parent=56038"}],"wp:term":[{"taxonomy":"category","embeddable":true,"href":"https:\/\/radiowebmx.com\/nota\/wp-json\/wp\/v2\/categories?post=56038"},{"taxonomy":"post_tag","embeddable":true,"href":"https:\/\/radiowebmx.com\/nota\/wp-json\/wp\/v2\/tags?post=56038"}],"curies":[{"name":"wp","href":"https:\/\/api.w.org\/{rel}","templated":true}]}}