{"id":56032,"date":"2018-08-27T12:06:41","date_gmt":"2018-08-27T17:06:41","guid":{"rendered":"https:\/\/radiowebmx.com\/nota\/?p=56032"},"modified":"2018-08-27T12:06:41","modified_gmt":"2018-08-27T17:06:41","slug":"profesionalizacion-camino-para-el-desarrollo-roberto-carlos-lopez","status":"publish","type":"post","link":"https:\/\/radiowebmx.com\/nota\/profesionalizacion-camino-para-el-desarrollo-roberto-carlos-lopez\/","title":{"rendered":"Profesionalizaci\u00f3n, camino para el desarrollo: Roberto Carlos L\u00f3pez"},"content":{"rendered":"<p class=\"x_MsoNormal\">La LXXIII Legislatura ha contribuido a mejorar las condiciones laborales de los profesionistas, ya que de manera desafortunada el estado reportaba una tasa de desocupaci\u00f3n de gente con estudios de nivel medio superior y superior, de 43 por ciento, lo que a decir del diputado Roberto Carlos L\u00f3pez, presidente del Congreso del Estado, se espera vaya en disminuci\u00f3n con la efectiva aplicaci\u00f3n de la Ley de Fomento al Primer Empleo y a la Primera Empresa.<\/p>\n<p class=\"x_MsoNormal\">Luego de asistir a la Ceremonia solemne del XXXII Aniversario del Foro Nacional de Colegios de Profesionistas de Michoac\u00e1n, en donde se reconoci\u00f3 a diversos profesionistas por su aportaci\u00f3n profesional al desarrollo de la entidad, por su parte, el legislador reconoci\u00f3 la labor del Foro que de manera honorifica congrega a gran parte de los profesionistas del estado para conformar un grupo solido que busca mejores oportunidades y desarrollo profesional.<\/p>\n<p class=\"x_MsoNormal\">En este sentido, Roberto Carlos L\u00f3pez destac\u00f3 que el sector profesional, en los \u00faltimos tiempos se ha visto afectado por el desempleo, no s\u00f3lo en Michoac\u00e1n sino en todo el pa\u00eds, teniendo un reporte, seg\u00fan datos de la Secretar\u00eda de Trabajo y Previsi\u00f3n Social (STPS), del 50 por ciento de los desempleados en M\u00e9xico tiene estudios superiores, una tendencia que se replica en los estados, ya que manifest\u00f3 que se prioriza los puestos de trabajo para personas con menor grado de estudios.<\/p>\n<p class=\"x_MsoNormal\">Por ello, destac\u00f3 que por parte del Congreso del Estado se construy\u00f3 un marco normativo que busca erradicar dicha tendencia, la Ley de Fomento al Primer Empleo y a la Primera Empresa, la cual establece entre otras cuestiones, que las empresas que contraten j\u00f3venes de entre 18 y 29 a\u00f1os de edad, que se encuentren cursando, o sean egresados de nivel medio superior y superior, y los inscriban ante el Instituto Mexicano del Seguro Social (IMSS), as\u00ed como en el padr\u00f3n del Instituto de la Juventud, recibir\u00e1n est\u00edmulos, incentivos y beneficios fiscales, as\u00ed como acceso preferente a los Programas y Apoyos previstos en la Ley de Fomento y Desarrollo Econ\u00f3mico del Estado.<\/p>\n<p class=\"x_MsoNormal\">Entre los est\u00edmulos planteados, se contempla otorgar el subsidio del Impuesto sobre Erogaciones por Remuneraci\u00f3n al Trabajo Personal, prestado bajo la direcci\u00f3n y dependencia de un patr\u00f3n, por un periodo de doce meses, a las empresas registradas ante la Secretaria de Hacienda y Cr\u00e9dito P\u00fablico, y cuyos trabajadores se encuentren afiliados ante el IMSS. Dicha reducci\u00f3n, se aplicar\u00e1 directamente a la tasa del impuesto que se cause \u00fanicamente por los trabajadores de primer empleo que ocupen puesto de nueva creaci\u00f3n, en el mismo per\u00edodo a declarar.<\/p>\n<p class=\"x_MsoNormal\">Finalmente, el congresista enfatiz\u00f3 que es solo a trav\u00e9s de la educaci\u00f3n y la profesionalizaci\u00f3n como se lograr\u00e1 un verdadero desarrollo en la naci\u00f3n.<\/p>\n","protected":false},"excerpt":{"rendered":"<p>La LXXIII Legislatura ha contribuido a mejorar las condiciones laborales de los profesionistas, ya que de manera desafortunada el estado reportaba una tasa de desocupaci\u00f3n de gente con estudios de nivel medio superior y superior, de 43 por ciento, lo que a decir del diputado Roberto Carlos L\u00f3pez, presidente del Congreso del Estado, se espera [&hellip;]<\/p>\n","protected":false},"author":2,"featured_media":56033,"comment_status":"closed","ping_status":"closed","sticky":false,"template":"","format":"standard","meta":{"footnotes":""},"categories":[6],"tags":[],"class_list":["post-56032","post","type-post","status-publish","format-standard","has-post-thumbnail","hentry","category-congreso-del-estado"],"_links":{"self":[{"href":"https:\/\/radiowebmx.com\/nota\/wp-json\/wp\/v2\/posts\/56032","targetHints":{"allow":["GET"]}}],"collection":[{"href":"https:\/\/radiowebmx.com\/nota\/wp-json\/wp\/v2\/posts"}],"about":[{"href":"https:\/\/radiowebmx.com\/nota\/wp-json\/wp\/v2\/types\/post"}],"author":[{"embeddable":true,"href":"https:\/\/radiowebmx.com\/nota\/wp-json\/wp\/v2\/users\/2"}],"replies":[{"embeddable":true,"href":"https:\/\/radiowebmx.com\/nota\/wp-json\/wp\/v2\/comments?post=56032"}],"version-history":[{"count":1,"href":"https:\/\/radiowebmx.com\/nota\/wp-json\/wp\/v2\/posts\/56032\/revisions"}],"predecessor-version":[{"id":56034,"href":"https:\/\/radiowebmx.com\/nota\/wp-json\/wp\/v2\/posts\/56032\/revisions\/56034"}],"wp:featuredmedia":[{"embeddable":true,"href":"https:\/\/radiowebmx.com\/nota\/wp-json\/wp\/v2\/media\/56033"}],"wp:attachment":[{"href":"https:\/\/radiowebmx.com\/nota\/wp-json\/wp\/v2\/media?parent=56032"}],"wp:term":[{"taxonomy":"category","embeddable":true,"href":"https:\/\/radiowebmx.com\/nota\/wp-json\/wp\/v2\/categories?post=56032"},{"taxonomy":"post_tag","embeddable":true,"href":"https:\/\/radiowebmx.com\/nota\/wp-json\/wp\/v2\/tags?post=56032"}],"curies":[{"name":"wp","href":"https:\/\/api.w.org\/{rel}","templated":true}]}}