{"id":56025,"date":"2018-08-24T19:28:39","date_gmt":"2018-08-25T00:28:39","guid":{"rendered":"https:\/\/radiowebmx.com\/nota\/?p=56025"},"modified":"2018-08-24T19:28:39","modified_gmt":"2018-08-25T00:28:39","slug":"ayuntamiento-de-morelia-recuerda-a-automovilistas-y-peatones-rutas-alternas-por-mantenimiento-de-calle-antonio-alzate","status":"publish","type":"post","link":"https:\/\/radiowebmx.com\/nota\/ayuntamiento-de-morelia-recuerda-a-automovilistas-y-peatones-rutas-alternas-por-mantenimiento-de-calle-antonio-alzate\/","title":{"rendered":"Ayuntamiento de Morelia recuerda a automovilistas y peatones, rutas alternas por mantenimiento de calle Antonio Alzate"},"content":{"rendered":"<p>\u2022\u00a0\u00a0\u00a0\u00a0\u00a0\u00a0\u00a0\u00a0\u00a0\u00a0\u00a0\u00a0 Se recuerda a los usuarios de transporte p\u00fablico que las rutas Industrial, Alberca, Caf\u00e9 y Caf\u00e9 2 mantienen cambios temporales en sus trayectos.<\/p>\n<div>Morelia, Mich; a 24 de agosto de 2018.<br \/>\nBOLET\u00cdN. 1452\/2018.<\/div>\n<p>&nbsp;<\/p>\n<div>Con la finalidad de mantener la ejecuci\u00f3n de obras incluyentes que permitan facilitar la movilidad en la ciudad, la Secretar\u00eda de Desarrollo Metropolitano e Infraestructura recuerda a los morelianos que por la obra de mantenimiento y embellecimiento de la calle Antonio Alzate, se contin\u00faa con el uso de rutas alternas para el transporte p\u00fablico y los automovilistas.<\/p>\n<p>Las l\u00edneas de transporte Industrial, Alberca, Caf\u00e9 y Caf\u00e9 2 (tambi\u00e9n conocida como Caf\u00e9 Oro), mantienen cambios temporales durante la realizaci\u00f3n de estas labores, en tanto que deben rodear la zona de rehabilitaci\u00f3n descendiendo por Juan Jos\u00e9 de Lejarza, para despu\u00e9s tomar Ortega y Monta\u00f1ez y posteriormente girar en Vasco de Quiroga para reintegrarse a Antonio Alzate.<\/p>\n<p>Esta mencionada ruta tambi\u00e9n puede ser empleada por lo ciudadanos que se trasladan en sus veh\u00edculos particulares, as\u00ed como tambi\u00e9n cuentan con la opci\u00f3n de descender por Vicente Santa Mar\u00eda, para posteriormente girar a Ortega y Monta\u00f1ez y de igual forma dar vuelta en Vasco de Quiroga hasta reintegrarse a Antonio Alzate.<\/p>\n<p>Es de se\u00f1alar que el primer tramo a intervenir de la rehabilitaci\u00f3n de la calle Antonio Alzate comprende desde Vasco de Quiroga hasta Vicente Santa Mar\u00eda, mediante la pavimentaci\u00f3n con concreto hidr\u00e1ulico y p\u00f3rfido, el\u00a0 balizamiento general, as\u00ed como la sustituci\u00f3n de la red de alcantarillado y de agua potable.<\/p>\n<p>Esta importante obra forma parte de un proyecto integral que tambi\u00e9n incluir\u00e1 el mantenimiento y embellecimiento de las vialidades Virrey de Mendoza y Vasco de Quiroga, y que iniciaron con la calle Valladolid.<\/p>\n<p>De esta forma, la Administraci\u00f3n Municipal Independiente, a trav\u00e9s de la Secretar\u00eda de Desarrollo Metropolitano e Infraestructura, contin\u00faa con el objetivo de entregar obras p\u00fablicas incluyentes y embellecer el centro Hist\u00f3rico Moreliano de la ciudad, en favor de todos los habitantes de la urbe de cantera rosa.<\/p><\/div>\n","protected":false},"excerpt":{"rendered":"<p>\u2022\u00a0\u00a0\u00a0\u00a0\u00a0\u00a0\u00a0\u00a0\u00a0\u00a0\u00a0\u00a0 Se recuerda a los usuarios de transporte p\u00fablico que las rutas Industrial, Alberca, Caf\u00e9 y Caf\u00e9 2 mantienen cambios temporales en sus trayectos. Morelia, Mich; a 24 de agosto de 2018. BOLET\u00cdN. 1452\/2018. &nbsp; Con la finalidad de mantener la ejecuci\u00f3n de obras incluyentes que permitan facilitar la movilidad en la ciudad, la Secretar\u00eda [&hellip;]<\/p>\n","protected":false},"author":2,"featured_media":56026,"comment_status":"closed","ping_status":"closed","sticky":false,"template":"","format":"standard","meta":{"footnotes":""},"categories":[9],"tags":[],"class_list":["post-56025","post","type-post","status-publish","format-standard","has-post-thumbnail","hentry","category-morelia"],"_links":{"self":[{"href":"https:\/\/radiowebmx.com\/nota\/wp-json\/wp\/v2\/posts\/56025","targetHints":{"allow":["GET"]}}],"collection":[{"href":"https:\/\/radiowebmx.com\/nota\/wp-json\/wp\/v2\/posts"}],"about":[{"href":"https:\/\/radiowebmx.com\/nota\/wp-json\/wp\/v2\/types\/post"}],"author":[{"embeddable":true,"href":"https:\/\/radiowebmx.com\/nota\/wp-json\/wp\/v2\/users\/2"}],"replies":[{"embeddable":true,"href":"https:\/\/radiowebmx.com\/nota\/wp-json\/wp\/v2\/comments?post=56025"}],"version-history":[{"count":1,"href":"https:\/\/radiowebmx.com\/nota\/wp-json\/wp\/v2\/posts\/56025\/revisions"}],"predecessor-version":[{"id":56027,"href":"https:\/\/radiowebmx.com\/nota\/wp-json\/wp\/v2\/posts\/56025\/revisions\/56027"}],"wp:featuredmedia":[{"embeddable":true,"href":"https:\/\/radiowebmx.com\/nota\/wp-json\/wp\/v2\/media\/56026"}],"wp:attachment":[{"href":"https:\/\/radiowebmx.com\/nota\/wp-json\/wp\/v2\/media?parent=56025"}],"wp:term":[{"taxonomy":"category","embeddable":true,"href":"https:\/\/radiowebmx.com\/nota\/wp-json\/wp\/v2\/categories?post=56025"},{"taxonomy":"post_tag","embeddable":true,"href":"https:\/\/radiowebmx.com\/nota\/wp-json\/wp\/v2\/tags?post=56025"}],"curies":[{"name":"wp","href":"https:\/\/api.w.org\/{rel}","templated":true}]}}