{"id":56012,"date":"2018-08-24T18:46:06","date_gmt":"2018-08-24T23:46:06","guid":{"rendered":"https:\/\/radiowebmx.com\/nota\/?p=56012"},"modified":"2018-08-24T18:46:06","modified_gmt":"2018-08-24T23:46:06","slug":"educacion-principal-eje-para-forjar-mejores-generaciones-roberto-carlos-lopez","status":"publish","type":"post","link":"https:\/\/radiowebmx.com\/nota\/educacion-principal-eje-para-forjar-mejores-generaciones-roberto-carlos-lopez\/","title":{"rendered":"Educaci\u00f3n principal eje para forjar mejores generaciones: Roberto Carlos L\u00f3pez"},"content":{"rendered":"<p class=\"x_gmail-MsoListParagraph\">\u00b7\u00a0\u00a0\u00a0\u00a0\u00a0\u00a0\u00a0\u00a0<i>Reconoce Congreso trayectoria profesional del maestro Hugo Guerrero<\/i><\/p>\n<p class=\"x_MsoNormal\"><i>\u00a0<\/i><\/p>\n<p class=\"x_MsoNormal\"><b>Morelia; Michoac\u00e1n, 24 de agosto de 2018<\/b>.-\u00a0El presidente de la Mesa Directiva del Congreso del Estado, diputado Roberto Carlos L\u00f3pez Garc\u00eda, asegur\u00f3 que s\u00f3lo a trav\u00e9s de la educaci\u00f3n, Michoac\u00e1n podr\u00e1 tener mejores estadios de seguridad y desarrollo para forjar las nuevas generaciones.<\/p>\n<p class=\"x_MsoNormal\">\n<p class=\"x_MsoNormal\">Lo anterior durante el evento de reconocimiento que la Septuag\u00e9sima Tercera legislatura, a trav\u00e9s de la Comisi\u00f3n de Educaci\u00f3n, que preside la diputada X\u00f3chitl Ruiz Gonz\u00e1lez, realizaron para reconocer la trayectoria acad\u00e9mica, del\u00a0fundador del programa binacional de educaci\u00f3n migrante, el maestro Hugo Guerrero Gallardo.<\/p>\n<p class=\"x_MsoNormal\">\n<p class=\"x_MsoNormal\">El legislador record\u00f3 que al homenajeado, \u201cle toc\u00f3 vivir un sistema educativo estatal, donde nuestro Estado, gracias al esfuerzo conjunto de gobierno, pueblo y maestros, ten\u00edamos el d\u00e9cimo tercer lugar nacional en educaci\u00f3n primaria, que contrasta notablemente con el lugar que hoy, 43 a\u00f1os despu\u00e9s tenemos en nuestra entidad\u201d.<\/p>\n<p class=\"x_MsoNormal\">\n<p class=\"x_MsoNormal\">Por ello dijo es un momento propicio para \u201cque todos renovemos compromisos y hagamos esfuerzos por recuperar ese espacio de desarrollo que iba encaminado el Michoac\u00e1n de entonces\u201d, en donde record\u00f3 hab\u00eda \u201cbuenos maestros, que hac\u00eda grandes docentes, maestros que entregan en sus comunidades pr\u00e1cticamente su vida y con toda la juventud el mundo se dedicaban dar siempre m\u00e1s de s\u00ed\u201d.<\/p>\n<p class=\"x_MsoNormal\">\n<p class=\"x_MsoNormal\">El presidente de la Mesa Directiva del Congreso del Estado, destac\u00f3 que se deben reconocer a las personas que han aportado para que los michoacanos a trav\u00e9s de la ense\u00f1anza se logren el cambio, como el legado del maestro Guerrero Gallardo que \u201chan ido m\u00e1s all\u00e1 de Michoac\u00e1n y sus fronteras, ha sido un firme y promotor de la educaci\u00f3n binacional permitiendo que miles de migrantes michoacanos, mexicanos y a\u00fan de otros pa\u00edses hermanos latinos tengan acceso a la educaci\u00f3n\u201d, destac\u00f3.<\/p>\n<p class=\"x_MsoNormal\">\u00a0En el patio de Palacio Legislativo a iniciativa del Diputado Wilfrido L\u00e1zaro Medina, se congregaron familiares, amigos, alumnos y ex alumnos del maestro Hugo Guerrero, ante ellos el legisladorse\u00f1al\u00f3 \u201ces un ejemplo de lucha y deseo permanente de superaci\u00f3n, pues desde ni\u00f1o debi\u00f3 de separarse de su familia para estudiar en Morelia hasta graduarse como Profesor de Educaci\u00f3n Primaria en el a\u00f1o de 1959\u201d.<\/p>\n<p class=\"x_MsoNormal\">\n<p class=\"x_MsoNormal\">Ejemplo de la lucha para educativa binacional, fue el responsable del programa de\u00a0Educaci\u00f3n Migrante, en Michoac\u00e1n en donde se lograron convenios importantes entre\u00a0 M\u00e9xico y Estados Unidos en beneficio de los ni\u00f1os migrantes y su formaci\u00f3n escolar logrando la validez de un registro de calificaciones v\u00e1lido en los dos pa\u00edses, as\u00ed como la estancia en Estados Unidos, de maestros de educaci\u00f3n biling\u00fce durante todo el ciclo escolar.<\/p>\n<p class=\"x_MsoNormal\">\n<p class=\"x_MsoNormal\">Gracias a estos resultados asumi\u00f3 la Coordinaci\u00f3n Nacional del Programa, lo que mereci\u00f3 el reconocimiento de estados como\u00a0San Luis Potos\u00ed, Morelos, entre otros y de la Uni\u00f3n Americana de San Diego, California, USA, y Washington, DC, as\u00ed como del Director Nacional de Educaci\u00f3n Migrante en Estados Unidos.<\/p>\n<p class=\"x_MsoNormal\">\n<p class=\"x_MsoNormal\">L\u00e1zaro Medica, destac\u00f3 \u201ctenemos en Michoac\u00e1n, como en todo el pa\u00eds, maestros que han iniciado desde\u00a0 los grupos de educaci\u00f3n primaria, y que han llegado hasta las responsabilidades de catedr\u00e1ticos en los niveles del postgrado y tenemos tambi\u00e9n funcionarios de la administraci\u00f3n p\u00fablica del sector educativo, que han sabido corresponder a la confianza que en ellos se deposita en cuanto al manejo de los recursos del Sistema Educativo\u201d, sin embargo \u201ces dif\u00edcil encontrar a quien teniendo las dos posibilidades de servicio juntas, haya cumplido a cabalidad con ellas, al grado de recibir el reconocimiento lo mismo de las autoridades educativas, de los propios compa\u00f1eros de trabajo y distinciones internacionales\u201d, finaliz\u00f3.<\/p>\n<p class=\"x_MsoNormal\">\n<p class=\"x_MsoNormal\">En el evento estuvieron presentes: la diputada Mar\u00eda Auxilio Flores Garc\u00eda integrante de la Comisi\u00f3n de Educaci\u00f3n, Iv\u00e1n Fernando Barrales Alc\u00e1ntara, Coordinador General de Planificaci\u00f3n y Evaluaci\u00f3n Educativa de la Secretar\u00eda de Educaci\u00f3n y representante del Gobierno del Estado, as\u00ed como Humberto Urquiza Mar\u00edn representante de la Secretar\u00eda de Cultura de Michoac\u00e1n.<\/p>\n","protected":false},"excerpt":{"rendered":"<p>\u00b7\u00a0\u00a0\u00a0\u00a0\u00a0\u00a0\u00a0\u00a0Reconoce Congreso trayectoria profesional del maestro Hugo Guerrero \u00a0 Morelia; Michoac\u00e1n, 24 de agosto de 2018.-\u00a0El presidente de la Mesa Directiva del Congreso del Estado, diputado Roberto Carlos L\u00f3pez Garc\u00eda, asegur\u00f3 que s\u00f3lo a trav\u00e9s de la educaci\u00f3n, Michoac\u00e1n podr\u00e1 tener mejores estadios de seguridad y desarrollo para forjar las nuevas generaciones. Lo anterior durante [&hellip;]<\/p>\n","protected":false},"author":2,"featured_media":0,"comment_status":"closed","ping_status":"closed","sticky":false,"template":"","format":"standard","meta":{"footnotes":""},"categories":[3],"tags":[],"class_list":["post-56012","post","type-post","status-publish","format-standard","hentry","category-gobierno-del-estado-de-michoacan"],"_links":{"self":[{"href":"https:\/\/radiowebmx.com\/nota\/wp-json\/wp\/v2\/posts\/56012","targetHints":{"allow":["GET"]}}],"collection":[{"href":"https:\/\/radiowebmx.com\/nota\/wp-json\/wp\/v2\/posts"}],"about":[{"href":"https:\/\/radiowebmx.com\/nota\/wp-json\/wp\/v2\/types\/post"}],"author":[{"embeddable":true,"href":"https:\/\/radiowebmx.com\/nota\/wp-json\/wp\/v2\/users\/2"}],"replies":[{"embeddable":true,"href":"https:\/\/radiowebmx.com\/nota\/wp-json\/wp\/v2\/comments?post=56012"}],"version-history":[{"count":1,"href":"https:\/\/radiowebmx.com\/nota\/wp-json\/wp\/v2\/posts\/56012\/revisions"}],"predecessor-version":[{"id":56015,"href":"https:\/\/radiowebmx.com\/nota\/wp-json\/wp\/v2\/posts\/56012\/revisions\/56015"}],"wp:attachment":[{"href":"https:\/\/radiowebmx.com\/nota\/wp-json\/wp\/v2\/media?parent=56012"}],"wp:term":[{"taxonomy":"category","embeddable":true,"href":"https:\/\/radiowebmx.com\/nota\/wp-json\/wp\/v2\/categories?post=56012"},{"taxonomy":"post_tag","embeddable":true,"href":"https:\/\/radiowebmx.com\/nota\/wp-json\/wp\/v2\/tags?post=56012"}],"curies":[{"name":"wp","href":"https:\/\/api.w.org\/{rel}","templated":true}]}}