{"id":5601,"date":"2014-02-18T11:51:51","date_gmt":"2014-02-18T17:51:51","guid":{"rendered":"https:\/\/radiowebmx.com\/nota\/?p=5601"},"modified":"2014-02-18T11:51:51","modified_gmt":"2014-02-18T17:51:51","slug":"michoacan-requiere-de-una-ley-de-justicia-que-proteja-a-menores-infractores","status":"publish","type":"post","link":"https:\/\/radiowebmx.com\/nota\/michoacan-requiere-de-una-ley-de-justicia-que-proteja-a-menores-infractores\/","title":{"rendered":"Michoac\u00e1n requiere de una Ley de Justicia que proteja a menores infractores"},"content":{"rendered":"<p><a href=\"https:\/\/radiowebmx.com\/nota\/wp-content\/uploads\/2013\/02\/Dip.-Sebasti\u00e1n-Naranjo-Blanco.jpg\"><img loading=\"lazy\" decoding=\"async\" class=\"alignleft size-full wp-image-1520\" alt=\"Dip. Sebasti\u00e1n Naranjo Blanco\" src=\"https:\/\/radiowebmx.com\/nota\/wp-content\/uploads\/2013\/02\/Dip.-Sebasti\u00e1n-Naranjo-Blanco.jpg\" width=\"591\" height=\"320\" \/><\/a>\u201cEs indispensable que actualmente se\u00a0impulse una reforma que garantice las necesidades de protecci\u00f3n a los adolescentes infractores, ya que en nuestro Pa\u00eds, estos representan un sector vulnerado ante la exclusi\u00f3n social\u201d, as\u00ed lo se\u00f1al\u00f3 el diputado Jos\u00e9 Sebasti\u00e1n Naranjo Blanco.<\/p>\n<p>El tambi\u00e9n Presidente de la Comisi\u00f3n de Puntos Constitucionales del Congreso del Estado, se\u00f1al\u00f3 que la vulnerabilidad de dicho sector, es aprovechado por terceras personas para hacerlos incurrir en conductas tipificadas como delitos.<\/p>\n<p>\u201cEs necesario impulsar una reforma que proteja los derechos de los menores infractores, que actualice el marco jur\u00eddico, homogeneizando disposiciones y facilitando el trabajo de las instituciones de readaptaci\u00f3n social, para que se cumplan sus objetivos de que estos sean reinsertados dentro de una sociedad\u201d, indic\u00f3.<\/p>\n<p>El parlamentario del blanquiazul, se\u00f1al\u00f3 que un menor de edad que comete un delito, debe recibir tratamiento m\u00e1s por la v\u00eda pedag\u00f3gica y psicol\u00f3gica que por la represiva.<\/p>\n<p>Naranjo Blanco, reiter\u00f3 que sancionar a los menores infractores s\u00f3lo desde la perspectiva y bajo el juicio de los adultos, ha sido insuficiente para crear un buen sistema para su readaptaci\u00f3n social.<\/p>\n<p>Asimismo, indic\u00f3 que actualmente la cultura de la informaci\u00f3n ofrece a los menores m\u00e1s oportunidades de asumir a edad temprana, plena conciencia sobre sus actos, para que estos sean modificados y no afecten durante el trayecto de vida posterior.<\/p>\n<p>\u201cLa delincuencia juvenil es un fen\u00f3meno que representa uno de los problemas criminol\u00f3gicos que crece cada d\u00eda m\u00e1s dentro de nuestra sociedad, ante ello, es urgente se tomen medidas que prevean\u00a0su incorporaci\u00f3n a sectores de la sociedad\u201d, reiter\u00f3 el representante popular del distrito de Los Reyes.<\/p>\n<p>En el mismo contexto, se\u00f1al\u00f3 que de acuerdo a la reciente reforma al art\u00edculo 18 Constitucional, especifica que los adolescentes comprendidos en el rango de edad de 12 cumplidos a 18 a\u00f1os incumplidos, ser\u00e1n tratados de manera diferente a los menores de 12 a\u00f1os de edad, por lo que ahora la cuesti\u00f3n radica en determinar qu\u00e9 sistema o modelo de justicia del infante es el m\u00e1s adecuado para ello.<\/p>\n<p>Finalmente, el diputado Sebasti\u00e1n Naranjo subray\u00f3 la urgencia de poner un freno a las conductas que se apartan de la ley, se\u00f1alando que tambi\u00e9n existe un deber del Estado para proteger y preservar a este sector y s\u00f3lo con atenci\u00f3n adecuada se les pueden ofrecer condiciones para readaptar su capacidad f\u00edsica, as\u00ed como psicol\u00f3gica y una reinserci\u00f3n social.<\/p>\n","protected":false},"excerpt":{"rendered":"<p>\u201cEs indispensable que actualmente se impulse una reforma que garantice las necesidades de protecci\u00f3n a los adolescentes infractores, ya que en nuestro Pa\u00eds, estos representan un sector vulnerado ante la exclusi\u00f3n social\u201d, as\u00ed lo se\u00f1al\u00f3 el diputado Jos\u00e9 Sebasti\u00e1n Naranjo Blanco.<\/p>\n","protected":false},"author":1,"featured_media":0,"comment_status":"open","ping_status":"open","sticky":false,"template":"","format":"standard","meta":{"footnotes":""},"categories":[6,14,8],"tags":[],"class_list":["post-5601","post","type-post","status-publish","format-standard","hentry","category-congreso-del-estado","category-destacadas","category-grupo-parlamentario-del-pan"],"_links":{"self":[{"href":"https:\/\/radiowebmx.com\/nota\/wp-json\/wp\/v2\/posts\/5601","targetHints":{"allow":["GET"]}}],"collection":[{"href":"https:\/\/radiowebmx.com\/nota\/wp-json\/wp\/v2\/posts"}],"about":[{"href":"https:\/\/radiowebmx.com\/nota\/wp-json\/wp\/v2\/types\/post"}],"author":[{"embeddable":true,"href":"https:\/\/radiowebmx.com\/nota\/wp-json\/wp\/v2\/users\/1"}],"replies":[{"embeddable":true,"href":"https:\/\/radiowebmx.com\/nota\/wp-json\/wp\/v2\/comments?post=5601"}],"version-history":[{"count":2,"href":"https:\/\/radiowebmx.com\/nota\/wp-json\/wp\/v2\/posts\/5601\/revisions"}],"predecessor-version":[{"id":5603,"href":"https:\/\/radiowebmx.com\/nota\/wp-json\/wp\/v2\/posts\/5601\/revisions\/5603"}],"wp:attachment":[{"href":"https:\/\/radiowebmx.com\/nota\/wp-json\/wp\/v2\/media?parent=5601"}],"wp:term":[{"taxonomy":"category","embeddable":true,"href":"https:\/\/radiowebmx.com\/nota\/wp-json\/wp\/v2\/categories?post=5601"},{"taxonomy":"post_tag","embeddable":true,"href":"https:\/\/radiowebmx.com\/nota\/wp-json\/wp\/v2\/tags?post=5601"}],"curies":[{"name":"wp","href":"https:\/\/api.w.org\/{rel}","templated":true}]}}