{"id":56004,"date":"2018-08-24T13:05:35","date_gmt":"2018-08-24T18:05:35","guid":{"rendered":"https:\/\/radiowebmx.com\/nota\/?p=56004"},"modified":"2018-08-24T13:05:35","modified_gmt":"2018-08-24T18:05:35","slug":"abandera-silvano-aureoles-a-deportistas-michoacanos-rumbo-a-la-paralimpiada-nacional","status":"publish","type":"post","link":"https:\/\/radiowebmx.com\/nota\/abandera-silvano-aureoles-a-deportistas-michoacanos-rumbo-a-la-paralimpiada-nacional\/","title":{"rendered":"Abandera Silvano Aureoles a deportistas michoacanos rumbo a la Paralimpiada Nacional"},"content":{"rendered":"<p><strong>Morelia, Michoac\u00e1n, a 23 de agosto de 2018.-<\/strong>\u00a0El Gobernador Constitucional Silvano Aureoles Conejo presidi\u00f3 esta ma\u00f1ana el abanderamiento de la Delegaci\u00f3n Michoacana que participar\u00e1 en la Paralimpiada Nacional 2018 y ante quienes se comprometi\u00f3 a regularizar el pago de becas de las y los deportistas, adem\u00e1s de otorgar un cami\u00f3n adaptado para los viajes que realizan a diversas justas nacionales e internacionales.<\/p>\n<p>En presencia de las y los 58 deportistas que participar\u00e1n en esta Paralimpiada -que tendr\u00e1 lugar en Colima del 24 de agosto al 5 de septiembre-, el mandatario estatal augur\u00f3 el mayor de los \u00e9xitos a quienes pondr\u00e1n en alto el nombre de Michoac\u00e1n y asegur\u00f3 que ser\u00e1n muchas medallas las que traer\u00e1n consigo a su regreso.<\/p>\n<p>\u201cNos sentimos distinguidos y distinguidas porque nos van a representar en este evento deportivo tan importante, reconozco su esfuerzo por ser cada d\u00eda mejores y ser nuestro ejemplo\u201d, pronunci\u00f3 el titular del Ejecutivo Estatal.<\/p>\n<p>Reconoci\u00f3 el gran esfuerzo de sus pap\u00e1s y mam\u00e1s, entrenadores y entrenadoras, quienes est\u00e1n siempre al pendiente para que den todo el potencial como atletas.<\/p>\n<p>Reiter\u00f3 nuevamente su compromiso con el deporte; seguir generando las condiciones de infraestructura adecuadas para su \u00f3ptimo desempe\u00f1o.<\/p>\n<p>En su participaci\u00f3n, la titular de la Comisi\u00f3n Estatal de Cultura F\u00edsica y Deporte, Jessica Moreno Carrillo, record\u00f3 que en 2017 esta delegaci\u00f3n adquiri\u00f3 43 medallas, -tan s\u00f3lo 19 fueron de oro- y cada deportista fue acreedor de hasta dos o tres preseas, lo que posicion\u00f3 a Michoac\u00e1n en el d\u00e9cimo quinto lugar en esta justa nacional.<\/p>\n<p>Comparti\u00f3 que durante sus siete a\u00f1os como entrenadora de ni\u00f1os y ni\u00f1as con alguna discapacidad, nunca vio una limitante, por el contrario, siempre mostraron entrega, lucha y compromiso en cada justa nacional e internacional para alcanzar los mejores resultados; \u201csiempre demuestran su amor, su compa\u00f1erismo\u201d.<\/p>\n<p>El deportista destacado, \u00c1ngel Ibarra Jasso, coincidi\u00f3 con lo expresado por la directora del DIF en Michoac\u00e1n, al asegurar que la \u00fanica discapacidad es la mental, pues con empe\u00f1o y dedicaci\u00f3n todo se puede, y muestra de ello es que a su corta edad, \u00e9l ya ha competido en justas internacionales.<\/p>\n<p>\u201cNosotros somos unos guerreros, tenemos todo lo que se necesita para ser m\u00e1s fuertes. Vamos a pelear por una medalla y daremos todo de nosotros, no nos quedaremos con el ya casi\u201d expres\u00f3 Ibarra Jasso, quien expuso que levantar la Bandera de M\u00e9xico y cantar el Himno Nacional a todo pulm\u00f3n en otro pa\u00eds, es un sentimiento que no se compara con nada.<\/p>\n<p>En su turno, la titular del DIF Estatal, Roc\u00edo Beamonte Romero, reconoci\u00f3 el desempe\u00f1o de las y los deportistas, no sin antes enaltecer la labor que realizan sus padres y madres, quienes descubren sus aptitudes y los apoyan en cada paso que dan, que con su esfuerzo y dedicaci\u00f3n se convierten en ejemplo de vida para todos y todas.<\/p>\n<p>\u201cLa \u00fanica discapacidad la tiene uno en la mente y es quien la quiere tener. Sepan que siempre contar\u00e1n con el apoyo del Gobierno del Estado, el Gobernador nos ha instruido que no descansemos en esta lucha de brindarles mejores condiciones\u201d, extern\u00f3 la directora general del DIF Estatal.<\/p>\n<p>La Delegaci\u00f3n Michoacana est\u00e1 integrada por 32 deportistas que participar\u00e1n en para-atletismo; 16 en para-nataci\u00f3n; 4 en para-ciclismo, adem\u00e1s de 3 en para-tenis de mesa y 3 m\u00e1s en boccia, todos ellos y ellas originarios de los municipios de Morelia, Los Reyes, Uruapan, Maravat\u00edo y Tar\u00edmbaro.<\/p>\n<p>Las disciplinas que participar\u00e1n este a\u00f1o son 10: para-powerliftting, para-tenis de mesa, futbol 5A side, golbol, para-nataci\u00f3n, b\u00e1squetbol sobre silla de ruedas, danza sobre silla de ruedas (para-danza), para-atletismo, para-boccia y para-ciclismo, en las que compiten atletas de entre 12 y 21 a\u00f1os de edad.<\/p>\n<p>El Gobernador entreg\u00f3 el estandarte con el Escudo de Armas del Gobierno del Estado a la ni\u00f1a Mariana Daniela Gonz\u00e1lez Bustamante y la titular de Cecufid entreg\u00f3 el estandarte institucional de la disciplina de atletismo al joven Emanuel T\u00e9llez Beltr\u00e1n.<\/p>\n","protected":false},"excerpt":{"rendered":"<p>Morelia, Michoac\u00e1n, a 23 de agosto de 2018.-\u00a0El Gobernador Constitucional Silvano Aureoles Conejo presidi\u00f3 esta ma\u00f1ana el abanderamiento de la Delegaci\u00f3n Michoacana que participar\u00e1 en la Paralimpiada Nacional 2018 y ante quienes se comprometi\u00f3 a regularizar el pago de becas de las y los deportistas, adem\u00e1s de otorgar un cami\u00f3n adaptado para los viajes que [&hellip;]<\/p>\n","protected":false},"author":2,"featured_media":56005,"comment_status":"closed","ping_status":"closed","sticky":false,"template":"","format":"standard","meta":{"footnotes":""},"categories":[3],"tags":[],"class_list":["post-56004","post","type-post","status-publish","format-standard","has-post-thumbnail","hentry","category-gobierno-del-estado-de-michoacan"],"_links":{"self":[{"href":"https:\/\/radiowebmx.com\/nota\/wp-json\/wp\/v2\/posts\/56004","targetHints":{"allow":["GET"]}}],"collection":[{"href":"https:\/\/radiowebmx.com\/nota\/wp-json\/wp\/v2\/posts"}],"about":[{"href":"https:\/\/radiowebmx.com\/nota\/wp-json\/wp\/v2\/types\/post"}],"author":[{"embeddable":true,"href":"https:\/\/radiowebmx.com\/nota\/wp-json\/wp\/v2\/users\/2"}],"replies":[{"embeddable":true,"href":"https:\/\/radiowebmx.com\/nota\/wp-json\/wp\/v2\/comments?post=56004"}],"version-history":[{"count":1,"href":"https:\/\/radiowebmx.com\/nota\/wp-json\/wp\/v2\/posts\/56004\/revisions"}],"predecessor-version":[{"id":56006,"href":"https:\/\/radiowebmx.com\/nota\/wp-json\/wp\/v2\/posts\/56004\/revisions\/56006"}],"wp:featuredmedia":[{"embeddable":true,"href":"https:\/\/radiowebmx.com\/nota\/wp-json\/wp\/v2\/media\/56005"}],"wp:attachment":[{"href":"https:\/\/radiowebmx.com\/nota\/wp-json\/wp\/v2\/media?parent=56004"}],"wp:term":[{"taxonomy":"category","embeddable":true,"href":"https:\/\/radiowebmx.com\/nota\/wp-json\/wp\/v2\/categories?post=56004"},{"taxonomy":"post_tag","embeddable":true,"href":"https:\/\/radiowebmx.com\/nota\/wp-json\/wp\/v2\/tags?post=56004"}],"curies":[{"name":"wp","href":"https:\/\/api.w.org\/{rel}","templated":true}]}}