{"id":56001,"date":"2018-08-23T18:05:19","date_gmt":"2018-08-23T23:05:19","guid":{"rendered":"https:\/\/radiowebmx.com\/nota\/?p=56001"},"modified":"2018-08-23T18:05:19","modified_gmt":"2018-08-23T23:05:19","slug":"entrega-secretaria-de-cultura-del-estado-instrumentos-musicales-al-consejo-mayor-de-cheran","status":"publish","type":"post","link":"https:\/\/radiowebmx.com\/nota\/entrega-secretaria-de-cultura-del-estado-instrumentos-musicales-al-consejo-mayor-de-cheran\/","title":{"rendered":"Entrega Secretaria de Cultura del Estado instrumentos musicales al Consejo Mayor de Cher\u00e1n"},"content":{"rendered":"<ul>\n<li><strong>Silvia Figueroa Zamudio, titular de la dependencia, encabez\u00f3 la ceremonia<\/strong><\/li>\n<\/ul>\n<div><\/div>\n<p><strong>Morelia, Michoac\u00e1n, a 23 de agosto de 2018.<\/strong>&#8211; Con el prop\u00f3sito de apoyar las actividades de los grupos art\u00edsticos de la comunidad, la Secretar\u00eda de Cultura de Michoac\u00e1n hizo entrega de instrumentos musicales a representantes del Consejo Mayor de Cher\u00e1n.<\/p>\n<p>Luego de hacer entrega de 1 viol\u00edn, 5 guitarras, 2 clarinetes y una trompeta, Silvia Figueroa Zamudio, titular de la dependencia estatal, reiter\u00f3 la disposici\u00f3n del Gobierno del Estado por continuar apoyando a las agrupaciones art\u00edsticas de ese municipio y el resto de la geograf\u00eda michoacana.<\/p>\n<p>Por su parte, Salvador Campos, integrante del Consejo Mayor de Cher\u00e1n, agradeci\u00f3 la entrega de los instrumentos a nombre de la comunidad, al tiempo que reconoci\u00f3 el respaldo obtenido por el Gobierno de Silvano Aureoles Conejo, en el \u00e1mbito cultural.<\/p>\n<p>Dijo que resulta importante contar con herramientas para fomentar la cultura al interior de la comunidad, como parte de sus valores y de la expresi\u00f3n de las artes.<\/p>\n<p>Agreg\u00f3 que los instrumentos se destinar\u00e1n a los integrantes de la Orquesta Sinf\u00f3nica Infantil y Juvenil, que ha causado impacto al interior del estado.<\/p>\n<p>Salvador Campos record\u00f3 que la Orquesta surgi\u00f3 en 2011, a partir del movimiento pol\u00edtico-social que se dio en la comunidad de Cher\u00e1n.<\/p>\n<p>En ese tiempo la agrupaci\u00f3n estaba formada por ni\u00f1os cuyas edades oscilaban entre los de 5 y 6 a\u00f1os de edad, quienes ahora son adolescentes interesados en la m\u00fasica.<\/p>\n<p>La Orquesta ensaya dos horas diariamente en la Casa de la Cultura de Cher\u00e1n bajo la direcci\u00f3n de Mario Mej\u00eda Mart\u00ednez, responsable tambi\u00e9n de la Orquesta Tradicional.<\/p>\n<p>Como parte de sus presentaciones, el pr\u00f3ximo 1 de septiembre amenizar\u00e1n el acto protocolario de la entrega recepci\u00f3n, ante las nuevas autoridades de la comunidad.<\/p>\n<p>Por su parte Cuauht\u00e9moc Sixtos Ambrosio, director de la Casa de la Cultura Pur\u00e9pecha de Cher\u00e1n, indic\u00f3 que se tienen muchas necesidades en cuesti\u00f3n de adquisici\u00f3n de instrumentos, por lo cual agradeci\u00f3 el apoyo recibido de la Secretar\u00eda de Cultura estatal.<\/p>\n<p>Se\u00f1al\u00f3 que la Orquesta Sinf\u00f3nica Infantil y Juvenil tiene 95 integrantes. Otra de las agrupaciones de la Casa de la Cultura de Cher\u00e1n es la Banda Sinf\u00f3nica con 65 ni\u00f1os mientras que la Orquesta Tradicional est\u00e1 compuesta por 20 ni\u00f1os.<\/p>\n<p>La Casa de la Cultura de Cher\u00e1n tambi\u00e9n cuenta con un ensamble de guitarra, que agrupa a 25 ni\u00f1os y j\u00f3venes, y tiene consolidado a un grupo de ballet infantil que trabaja con 35 ni\u00f1os y ni\u00f1os.<\/p>\n<p>El d\u00eda de ma\u00f1ana, 24 de agosto, la Casa de la Cultura de Cher\u00e1n realizar\u00e1 la clausura de sus actividades correspondientes al periodo 2015-2018, con la presentaci\u00f3n de todos los alumnos, un ensamble de los grupos musicales que aglutina a cerca de 180 ni\u00f1os y j\u00f3venes, as\u00ed como exposiciones pict\u00f3ricas y la presentaci\u00f3n de la obra \u201cAnacleto Morones\u201d.<\/p>\n<p>Dirigida por Alan Delgado con la compa\u00f1\u00eda \u201cUnos M\u00e1s Otros Teatro\u201d; actividad que se brinda con apoyo de la Secretar\u00eda de Cultura de Michoac\u00e1n.<\/p>\n","protected":false},"excerpt":{"rendered":"<p>Silvia Figueroa Zamudio, titular de la dependencia, encabez\u00f3 la ceremonia Morelia, Michoac\u00e1n, a 23 de agosto de 2018.&#8211; Con el prop\u00f3sito de apoyar las actividades de los grupos art\u00edsticos de la comunidad, la Secretar\u00eda de Cultura de Michoac\u00e1n hizo entrega de instrumentos musicales a representantes del Consejo Mayor de Cher\u00e1n. Luego de hacer entrega de [&hellip;]<\/p>\n","protected":false},"author":2,"featured_media":56002,"comment_status":"closed","ping_status":"closed","sticky":false,"template":"","format":"standard","meta":{"footnotes":""},"categories":[3],"tags":[],"class_list":["post-56001","post","type-post","status-publish","format-standard","has-post-thumbnail","hentry","category-gobierno-del-estado-de-michoacan"],"_links":{"self":[{"href":"https:\/\/radiowebmx.com\/nota\/wp-json\/wp\/v2\/posts\/56001","targetHints":{"allow":["GET"]}}],"collection":[{"href":"https:\/\/radiowebmx.com\/nota\/wp-json\/wp\/v2\/posts"}],"about":[{"href":"https:\/\/radiowebmx.com\/nota\/wp-json\/wp\/v2\/types\/post"}],"author":[{"embeddable":true,"href":"https:\/\/radiowebmx.com\/nota\/wp-json\/wp\/v2\/users\/2"}],"replies":[{"embeddable":true,"href":"https:\/\/radiowebmx.com\/nota\/wp-json\/wp\/v2\/comments?post=56001"}],"version-history":[{"count":1,"href":"https:\/\/radiowebmx.com\/nota\/wp-json\/wp\/v2\/posts\/56001\/revisions"}],"predecessor-version":[{"id":56003,"href":"https:\/\/radiowebmx.com\/nota\/wp-json\/wp\/v2\/posts\/56001\/revisions\/56003"}],"wp:featuredmedia":[{"embeddable":true,"href":"https:\/\/radiowebmx.com\/nota\/wp-json\/wp\/v2\/media\/56002"}],"wp:attachment":[{"href":"https:\/\/radiowebmx.com\/nota\/wp-json\/wp\/v2\/media?parent=56001"}],"wp:term":[{"taxonomy":"category","embeddable":true,"href":"https:\/\/radiowebmx.com\/nota\/wp-json\/wp\/v2\/categories?post=56001"},{"taxonomy":"post_tag","embeddable":true,"href":"https:\/\/radiowebmx.com\/nota\/wp-json\/wp\/v2\/tags?post=56001"}],"curies":[{"name":"wp","href":"https:\/\/api.w.org\/{rel}","templated":true}]}}