{"id":55991,"date":"2018-08-23T17:59:39","date_gmt":"2018-08-23T22:59:39","guid":{"rendered":"https:\/\/radiowebmx.com\/nota\/?p=55991"},"modified":"2018-08-23T17:59:39","modified_gmt":"2018-08-23T22:59:39","slug":"mesa-de-seguridad-y-justicia-de-morelia-reconoce-a-alcalde-alfonso-martinez-por-construccion-de-un-modelo-policial-eficiente-y-cercano","status":"publish","type":"post","link":"https:\/\/radiowebmx.com\/nota\/mesa-de-seguridad-y-justicia-de-morelia-reconoce-a-alcalde-alfonso-martinez-por-construccion-de-un-modelo-policial-eficiente-y-cercano\/","title":{"rendered":"Mesa de Seguridad y Justicia de Morelia reconoce a Alcalde Alfonso Mart\u00ednez por construcci\u00f3n de un modelo policial eficiente y cercano"},"content":{"rendered":"<p>\u2022\u00a0\u00a0\u00a0\u00a0\u00a0\u00a0\u00a0\u00a0\u00a0\u00a0\u00a0\u00a0 Dicho reconocimiento se realiz\u00f3 en el marco de la 21\u00b0 Reuni\u00f3n Plenaria de este grupo multidisciplinario.<\/p>\n<p>\u2022\u00a0\u00a0\u00a0\u00a0\u00a0\u00a0\u00a0\u00a0\u00a0\u00a0\u00a0\u00a0 El Presidente Municipal present\u00f3 avances de la labor de seguridad en el municipio, las cuales ayudaron a reducir el \u00edndice delictivo.<\/p>\n<div>Morelia, Mich; a 23 de agosto de 2018.<br \/>\nBOLET\u00cdN. 1444\/2018.<\/div>\n<p>&nbsp;<\/p>\n<div>Por la construcci\u00f3n de un modelo de seguridad eficiente y cercano a la gente, que tiene aplicaci\u00f3n a trav\u00e9s de la Polic\u00eda de Morelia, la Presidenta de la Mesa de Seguridad y Justicia de la Capital del Estado, Bettina Cano Villal\u00f3n, reconoci\u00f3 la labor del Alcalde Alfonso Mart\u00ednez Alc\u00e1zar por haber alcanzado esta meta.<\/p>\n<p>En el marco de la 21\u00b0 Reuni\u00f3n Plenaria del mencionado grupo colegiado y multidisciplinario, la representante ciudadana destac\u00f3 que las peticiones ciudadanas fueron escuchadas por el Presidente Municipal de Morelia e integradas en la conformaci\u00f3n de un modelo policial con una destacable proximidad a la comunidad.<\/p>\n<p>&#8220;La visi\u00f3n de Alfonso Mart\u00ednez fue apostar a este proyecto porque la sociedad necesitaba una Polic\u00eda de Morelia; \u00e9l nos escuch\u00f3 y dio inicio a este importante camino, por eso podemos decir que la Polic\u00eda es de nosotros&#8221;, destac\u00f3 la Presidenta del grupo de representaci\u00f3n ciudadana.<\/p>\n<p>En ese sentido, Cano Villal\u00f3n hizo un llamado a proteger este proyecto que conform\u00f3 una instituci\u00f3n s\u00f3lida creada desde el municipio para el servicio de todos los morelianos.<\/p>\n<p>En tanto que el Presidente Municipal de Morelia, Alfonso Mart\u00ednez Alc\u00e1zar, resumi\u00f3 su participaci\u00f3n al enumerar las metas alcanzadas en materia de seguridad y explicar c\u00f3mo se realiz\u00f3 la toma de decisiones con la ciudadan\u00eda, que logr\u00f3\u00a0se concretara\u00a0en un modelo de proximidad ciudadana que hoy es un ejemplo a nivel nacional.<\/p>\n<p>Mart\u00ednez Alc\u00e1zar\u00a0 subray\u00f3 que, despu\u00e9s de que se detect\u00f3 la necesidad de que la Capital Michoacana contara con su propia corporaci\u00f3n de seguridad, se logr\u00f3 crear una Polic\u00eda de Morelia que pas\u00f3 de tener 120 a 840 elementos en tres a\u00f1os.<\/p>\n<p>Explic\u00f3 que hoy esta Polic\u00eda de Proximidad junto con el Modelo de Justicia C\u00edvica del municipio son un referente a nivel nacional, adem\u00e1s de que todos sus elementos cuentan con la aprobaci\u00f3n de sus ex\u00e1menes de control y confianza, y cuya labor ha abonado en disminuir el \u00edndice delictivo en un 39 por ciento en el territorio moreliano.<\/p>\n<p>A la par, se logr\u00f3 la consolidaci\u00f3n de 19 puntos de atenci\u00f3n cercana a los morelianos, a trav\u00e9s de 16 casetas de polic\u00eda y 3 Centros de Atenci\u00f3n a V\u00edctimas (CAV), los cuales se encuentran distribuidos a lo largo y ancho del municipio para el servicio a todos los habitantes.<\/p>\n<p>Finalmente, el Alcalde Alfonso Mart\u00ednez destac\u00f3 que los anteriores logros fueron el fruto de un gran esfuerzo no \u00fanicamente de las autoridades municipales, sino tambi\u00e9n de la colaboraci\u00f3n de la ciudadan\u00eda, por lo cual agradeci\u00f3 el apoyo de la Mesa de Seguridad y Justicia de Morelia.<\/p>\n<p>Adicionalmente, el Presidente Municipal Electo, Ra\u00fal Mor\u00f3n Orozco se pronunci\u00f3 por dar seguimiento a este trabajo en materia de seguridad, ya que lo consider\u00f3 un esfuerzo importante y\u00a0 necesario para la Capital. As\u00ed como tambi\u00e9n se manifest\u00f3 en favor de seguir con la labor de fortalecer a la Polic\u00eda de Morelia y coordinarse con el Gobierno del Estado y las voces ciudadanas.<\/p>\n<p>Cabe se\u00f1alar que en esta reuni\u00f3n tambi\u00e9n se cont\u00f3 con la presencia del Subsecretario de Gobierno, Armando Hurtado Ar\u00e9valo; el Presidente de la Mesa de Seguridad y Justicia del Estado, Roberto Ram\u00edrez Delgado; el Fiscal Regional de Morelia de la Procuradur\u00eda General de Justicia del Estado, Isaac Acevedo Rom\u00e1n; el Secretario de Seguridad Publica, Juan Bernardo Corona Mart\u00ednez; la Secretaria Ejecutiva del Sistema Estatal de Seguridad P\u00fablica del Gobierno Estatal, Lilia Cipriano Ista; los Presidentes Municipales de la Regi\u00f3n Morelia, entre otros.<\/p>\n<p>Es con este reconocimiento y cercan\u00eda con las voces ciudadanas y los distintos \u00f3rdenes de gobierno, que se demuestran los importantes logros de seguridad y justicia alcanzados durante la primera Administraci\u00f3n Municipal Independiente en Morelia.<\/p><\/div>\n","protected":false},"excerpt":{"rendered":"<p>\u2022\u00a0\u00a0\u00a0\u00a0\u00a0\u00a0\u00a0\u00a0\u00a0\u00a0\u00a0\u00a0 Dicho reconocimiento se realiz\u00f3 en el marco de la 21\u00b0 Reuni\u00f3n Plenaria de este grupo multidisciplinario. \u2022\u00a0\u00a0\u00a0\u00a0\u00a0\u00a0\u00a0\u00a0\u00a0\u00a0\u00a0\u00a0 El Presidente Municipal present\u00f3 avances de la labor de seguridad en el municipio, las cuales ayudaron a reducir el \u00edndice delictivo. Morelia, Mich; a 23 de agosto de 2018. BOLET\u00cdN. 1444\/2018. &nbsp; Por la construcci\u00f3n de un [&hellip;]<\/p>\n","protected":false},"author":2,"featured_media":55992,"comment_status":"closed","ping_status":"closed","sticky":false,"template":"","format":"standard","meta":{"footnotes":""},"categories":[9],"tags":[],"class_list":["post-55991","post","type-post","status-publish","format-standard","has-post-thumbnail","hentry","category-morelia"],"_links":{"self":[{"href":"https:\/\/radiowebmx.com\/nota\/wp-json\/wp\/v2\/posts\/55991","targetHints":{"allow":["GET"]}}],"collection":[{"href":"https:\/\/radiowebmx.com\/nota\/wp-json\/wp\/v2\/posts"}],"about":[{"href":"https:\/\/radiowebmx.com\/nota\/wp-json\/wp\/v2\/types\/post"}],"author":[{"embeddable":true,"href":"https:\/\/radiowebmx.com\/nota\/wp-json\/wp\/v2\/users\/2"}],"replies":[{"embeddable":true,"href":"https:\/\/radiowebmx.com\/nota\/wp-json\/wp\/v2\/comments?post=55991"}],"version-history":[{"count":1,"href":"https:\/\/radiowebmx.com\/nota\/wp-json\/wp\/v2\/posts\/55991\/revisions"}],"predecessor-version":[{"id":55993,"href":"https:\/\/radiowebmx.com\/nota\/wp-json\/wp\/v2\/posts\/55991\/revisions\/55993"}],"wp:featuredmedia":[{"embeddable":true,"href":"https:\/\/radiowebmx.com\/nota\/wp-json\/wp\/v2\/media\/55992"}],"wp:attachment":[{"href":"https:\/\/radiowebmx.com\/nota\/wp-json\/wp\/v2\/media?parent=55991"}],"wp:term":[{"taxonomy":"category","embeddable":true,"href":"https:\/\/radiowebmx.com\/nota\/wp-json\/wp\/v2\/categories?post=55991"},{"taxonomy":"post_tag","embeddable":true,"href":"https:\/\/radiowebmx.com\/nota\/wp-json\/wp\/v2\/tags?post=55991"}],"curies":[{"name":"wp","href":"https:\/\/api.w.org\/{rel}","templated":true}]}}