{"id":5597,"date":"2014-02-18T11:24:47","date_gmt":"2014-02-18T17:24:47","guid":{"rendered":"https:\/\/radiowebmx.com\/nota\/?p=5597"},"modified":"2014-02-18T11:24:47","modified_gmt":"2014-02-18T17:24:47","slug":"signan-convenio-see-cedh-para-promover-una-cultura-de-respeto-a-los-derechos-humanos","status":"publish","type":"post","link":"https:\/\/radiowebmx.com\/nota\/signan-convenio-see-cedh-para-promover-una-cultura-de-respeto-a-los-derechos-humanos\/","title":{"rendered":"SIGNAN CONVENIO SEE \u2013 CEDH PARA PROMOVER UNA CULTURA DE RESPETO A LOS DERECHOS HUMANOS"},"content":{"rendered":"<p><a href=\"https:\/\/radiowebmx.com\/nota\/wp-content\/uploads\/2014\/02\/4Q4A1498.jpg\"><img loading=\"lazy\" decoding=\"async\" class=\"alignleft size-full wp-image-5598\" alt=\"4Q4A1498\" src=\"https:\/\/radiowebmx.com\/nota\/wp-content\/uploads\/2014\/02\/4Q4A1498.jpg\" width=\"591\" height=\"338\" \/><\/a>La Secretar\u00eda de Educaci\u00f3n en el Estado y la Comisi\u00f3n Estatal de los Derechos Humanos, signaron este lunes el Convenio Marco para la Promoci\u00f3n de una Cultura de Respeto de los Derechos Humanos, en donde Jes\u00fas Sierra Arias, titular de la SEE, se\u00f1al\u00f3 que la dependencia a su cargo est\u00e1 comprometida en respetar y hacer m\u00e1s fuertes los derechos humanos en la sociedad michoacana.<\/p>\n<p>Por su parte, Jos\u00e9 Mar\u00eda C\u00e1zares Sol\u00f3rzano, presidente de la Comisi\u00f3n Estatal de Derechos Humanos, destac\u00f3 que la SEE es la dependencia m\u00e1s grande y \u201cnos une el inter\u00e9s que existe de ambas partes de brindar a los michoacanos una mayor protecci\u00f3n de los Derechos Humanos a fin de realizar acciones coordinadas en las que se impulse la prevenci\u00f3n y de respeto a los mismos\u201d.<\/p>\n<p>Fue en la sede de la Comisi\u00f3n Estatal de los Derechos Humanos donde se formaliz\u00f3 el protocolo del Convenio, tras lo cual Sierra Arias destac\u00f3 que el respeto a los Derechos Humanos adem\u00e1s de ser una disposici\u00f3n constitucional, es un aspecto fundamental en la educaci\u00f3n y nadie escapa al cumplimiento de los mismos.<\/p>\n<p>\u201cNadie escapa al respeto a los Derechos Humanos, porque la Constituci\u00f3n fue reformada recientemente en su Art\u00edculo Primero y establece para quienes somos servidores p\u00fablicos, la obligaci\u00f3n de respetar, promover, garantizar y repararlos\u201d.<\/p>\n<p>En el mismo sentido, abund\u00f3 que en la Secretar\u00eda de Educaci\u00f3n se tiene por disposici\u00f3n Constitucional, la obligaci\u00f3n de prestar el servicio de educaci\u00f3n a todas las personas que est\u00e9n en edad de gozarla; casi 12 mil escuelas con una matr\u00edcula general de un mill\u00f3n 250 mil alumnos y aproximadamente 67 mil trabajadores, de tal suerte que se est\u00e1 en constante comunicaci\u00f3n y relaci\u00f3n entre los educandos y sus padres; \u201cpor lo mismo, tambi\u00e9n existe una alta vulnerabilidad a la violaci\u00f3n de estas garant\u00edas, porque es un sector con alta presencia y de gran n\u00famero de personas atendidas en Michoac\u00e1n\u201d.<\/p>\n<p>Por lo anterior, convoc\u00f3 a todos a esforzarse de manera decidida en el cumplimiento y respeto de los Derechos Humanos.<\/p>\n<p>\u201cQueremos darles la garant\u00eda de que de forma responsable, estamos comprometidos porque as\u00ed lo establece la norma; decirle a la sociedad michoacana que el sector educativo tiene el compromiso de respetar, promover y hacer m\u00e1s fuertes sus Derechos Humanos, porque uno de los aspectos sustantivos de la educaci\u00f3n, no s\u00f3lo es aprender datos, informaci\u00f3n o teor\u00edas, sino uno de los principales aspectos de la educaci\u00f3n es el respeto, por lo tanto no podemos entenderlo sin un compromiso de la autoridad\u201d, concluy\u00f3 Sierra Arias.<\/p>\n<p>En su participaci\u00f3n, Jos\u00e9 Mar\u00eda C\u00e1zares Sol\u00f3rzano, presidente de la Comisi\u00f3n Estatal de Derechos Humanos, destac\u00f3 que junto con la SEE pretenden realizar acciones coordinadas en las que se impulse la prevenci\u00f3n y respeto a las garant\u00edas.<\/p>\n<p>El convenio establece dentro de sus cl\u00e1usulas que el objetivo es establecer los mecanismos para la colaboraci\u00f3n y apoyo entre la SEE y la CEDH, a fin de desarrollar los m\u00e9todos adecuados para llevar a cabo acciones de capacitaci\u00f3n, promoci\u00f3n, difusi\u00f3n, protecci\u00f3n y defensa de los Derechos Humanos.<\/p>\n<p>La CEDH formular\u00e1 y elaborar\u00e1 los programas tendientes a la promoci\u00f3n, difusi\u00f3n, capacitaci\u00f3n y educaci\u00f3n en material de respeto, en tanto que la Secretar\u00eda de Educaci\u00f3n participar\u00e1 de manera conjunta en la impartici\u00f3n de dichos programas que estar\u00e1n dirigidos a servidores p\u00fablicos y al sistema educativo en general.<\/p>\n<p>En la firma tambi\u00e9n participaron Mar\u00eda Isabel Pinto Anguiano, secretaria Ejecutiva de la Comisi\u00f3n Estatal de los Derechos Humanos; Iliana Lomel\u00ed Ru\u00edz, coordinadora de Igualdad entre las Mujeres y Hombres, as\u00ed como Vicente Mart\u00ednez Hinojosa, enlace Jur\u00eddico de la SEE.<\/p>\n<p>Al t\u00e9rmino de la firma del Convenio, se transmiti\u00f3 un video sobre el bullying por parte de la coordinadora de Igualdad entre Mujeres y Hombres, el cual ser\u00e1 difundido por la dependencia educativa.<\/p>\n","protected":false},"excerpt":{"rendered":"<p>La Secretar\u00eda de Educaci\u00f3n en el Estado y la Comisi\u00f3n Estatal de los Derechos Humanos,signaron este lunes el Convenio Marco para la Promoci\u00f3n de una Cultura de Respeto de los Derechos Humanos, en donde Jes\u00fas Sierra Arias, titular de la SEE, <\/p>\n","protected":false},"author":1,"featured_media":0,"comment_status":"open","ping_status":"open","sticky":false,"template":"","format":"standard","meta":{"footnotes":""},"categories":[14,3],"tags":[],"class_list":["post-5597","post","type-post","status-publish","format-standard","hentry","category-destacadas","category-gobierno-del-estado-de-michoacan"],"_links":{"self":[{"href":"https:\/\/radiowebmx.com\/nota\/wp-json\/wp\/v2\/posts\/5597","targetHints":{"allow":["GET"]}}],"collection":[{"href":"https:\/\/radiowebmx.com\/nota\/wp-json\/wp\/v2\/posts"}],"about":[{"href":"https:\/\/radiowebmx.com\/nota\/wp-json\/wp\/v2\/types\/post"}],"author":[{"embeddable":true,"href":"https:\/\/radiowebmx.com\/nota\/wp-json\/wp\/v2\/users\/1"}],"replies":[{"embeddable":true,"href":"https:\/\/radiowebmx.com\/nota\/wp-json\/wp\/v2\/comments?post=5597"}],"version-history":[{"count":2,"href":"https:\/\/radiowebmx.com\/nota\/wp-json\/wp\/v2\/posts\/5597\/revisions"}],"predecessor-version":[{"id":5600,"href":"https:\/\/radiowebmx.com\/nota\/wp-json\/wp\/v2\/posts\/5597\/revisions\/5600"}],"wp:attachment":[{"href":"https:\/\/radiowebmx.com\/nota\/wp-json\/wp\/v2\/media?parent=5597"}],"wp:term":[{"taxonomy":"category","embeddable":true,"href":"https:\/\/radiowebmx.com\/nota\/wp-json\/wp\/v2\/categories?post=5597"},{"taxonomy":"post_tag","embeddable":true,"href":"https:\/\/radiowebmx.com\/nota\/wp-json\/wp\/v2\/tags?post=5597"}],"curies":[{"name":"wp","href":"https:\/\/api.w.org\/{rel}","templated":true}]}}