{"id":55965,"date":"2018-08-22T18:36:58","date_gmt":"2018-08-22T23:36:58","guid":{"rendered":"https:\/\/radiowebmx.com\/nota\/?p=55965"},"modified":"2018-08-22T18:36:58","modified_gmt":"2018-08-22T23:36:58","slug":"del-27-al-31-de-agosto-se-llevara-a-cabo-el-14o-festival-de-cine-y-video-indigena","status":"publish","type":"post","link":"https:\/\/radiowebmx.com\/nota\/del-27-al-31-de-agosto-se-llevara-a-cabo-el-14o-festival-de-cine-y-video-indigena\/","title":{"rendered":"Del 27 al 31 de agosto se llevar\u00e1 a cabo el 14\u00ba Festival de Cine y Video Ind\u00edgena"},"content":{"rendered":"<ul>\n<li><strong>Las proyecciones se realizar\u00e1n en el Museo Casa Natal de Morelos, en el marco del D\u00eda Internacional de los Pueblos Ind\u00edgenas<\/strong><\/li>\n<\/ul>\n<p><strong>\u00a0<\/strong><\/p>\n<p><strong>Morelia, Mich,. a 22 de agosto de 2018.-<\/strong>\u00a0Con el objetivo de dar a conocer a la sociedad el patrimonio y situaci\u00f3n de los pueblos originarios, y organizado por la Comisi\u00f3n Interinstitucional para la Cultura de los Pueblos Ind\u00edgenas de Michoac\u00e1n (CICPIM), del 27 al 31 de agosto se llevar\u00e1 a cabo el 14\u00ba Festival de Cine y Video Ind\u00edgena, en el marco del D\u00eda Internacional de los Pueblos Ind\u00edgenas y en homenaje al videoasta Roberto Pavel Rodr\u00edguez Guill\u00e9n.<\/p>\n<p>En rueda de prensa, Luc\u00eda Gonz\u00e1lez Ram\u00edrez, encargada de la Direcci\u00f3n de Vinculaci\u00f3n e Integraci\u00f3n Cultural de la Secretar\u00eda de Cultura de Michoac\u00e1n, dio la bienvenida a los asistentes al Museo Casa Natal de Morelos; recinto que ser\u00e1 la sede del festival en el que se contar\u00e1 con la presencia de los realizadores, quienes podr\u00e1n sostener un di\u00e1logo con el p\u00fablico, en aras de lograr una retroalimentaci\u00f3n sobre las t\u00e9cnicas utilizadas y el contenido del material audiovisual.<\/p>\n<p>Argimiro Cort\u00e9s Esteban, jefe del Departamento de Investigaci\u00f3n y Promoci\u00f3n Cultural de la Comisi\u00f3n para el Desarrollo de Pueblos Ind\u00edgenas, expres\u00f3 que el festival inicio hace 13 a\u00f1os como una ventana que se abri\u00f3 al mundo de los videoastas, realizadores y\u00a0 comunicadores ind\u00edgenas y no ind\u00edgenas, en torno a la tem\u00e1tica de los pueblos originarios de Michoac\u00e1n y de todo el pa\u00eds; tiempo en que se han recibido alrededor de 800 pel\u00edculas, de entre las cuales se han venido seleccionando las ya proyectadas.<\/p>\n<p>Agreg\u00f3 Cort\u00e9s Esteban que esta ventana tiene que ver con la inclusi\u00f3n de los realizadores locales y nacionales, as\u00ed como extranjeros siempre y cuando traten el tema de manera arm\u00f3nica para los pueblos originarios de M\u00e9xico, lo que ha permitido conocer la diversidad del patrimonio cultural tangible e intangible de los pueblos originarios, tanto en su territorio, su historia y tradici\u00f3n.<\/p>\n<p>Argimiro Cort\u00e9s explic\u00f3 que las pel\u00edculas en competencia del festival son difundidas por las instancias federales, en diferentes estados del pa\u00eds en cines, teatros, calles y comunidades, a trav\u00e9s de un programa nacional, como promotores para la salvaguarda del patrimonio cultural.<\/p>\n<p>A su vez N\u00e9stor Dimas Huacuz, asesor de la Direcci\u00f3n General de Educaci\u00f3n Ind\u00edgena de la Secretar\u00eda de Educaci\u00f3n Estatal, expres\u00f3 que en otras ediciones del festival, los trabajos proyectados se han llevado a otras regiones de Michoac\u00e1n, entre ellas a Uruapan.<\/p>\n<p>Agreg\u00f3 que los temas abordados servir\u00e1n para reflexionar sobre lo sucedido en Michoac\u00e1n, en especial en el tema de la educaci\u00f3n ind\u00edgena, cuyo fen\u00f3meno se traduce en la extinci\u00f3n de las lenguas como la Pirinda o la Nahua, de ah\u00ed la necesidad de trabajar con miras a la conmemoraci\u00f3n, en 2019, del A\u00f1o Internacional de las Lenguas Ind\u00edgenas.<\/p>\n<p>Por su parte Alejandro Sigler Miranda, investigador de la Unidad Regional de Culturas Populares delegaci\u00f3n Michoac\u00e1n dio a conocer la programaci\u00f3n, integrada por pel\u00edculas en competencia y en exhibici\u00f3n, para dar voz a los realizadores quienes tienen la libertad para expresarse.<\/p>\n<p>Celerino Felipe Cruz, coordinador del Centro de Estudios de la Filosof\u00eda Pur\u00e9pecha de la UMSNH, indic\u00f3 que el festival tiene como fin generar un espacio para la exhibici\u00f3n de materiales audiovisuales que contemplen diversas tem\u00e1ticas de la vida, realidad, y aspiraciones de los pueblos originarios de M\u00e9xico, buscando su revalorizaci\u00f3n en el aspecto moral, hist\u00f3rico y cultural.<\/p>\n<p>Otros temas que se abordar\u00e1n\u00a0 en estas producciones son el aspecto de la migraci\u00f3n de las familias y comunidades en contextos urbanos y rurales; las condiciones y niveles de educaci\u00f3n o los programas que se implementan o no; la preservaci\u00f3n y el ocaso de las lenguas\u00a0 as\u00ed como la preservaci\u00f3n y evoluci\u00f3n de las creencias, la ritualidad y el culto; el desarrollo\u00a0 y evoluci\u00f3n de los conocimientos tradicionales, las formas de vida y los problemas sobre los recursos naturales y la resistencia cultural.<\/p>\n<p>El Coordinador del Centro de Estudios de la Filosof\u00eda Pur\u00e9pecha de la UMSNH explic\u00f3 que el Festival ha permitido demostrar las condiciones de sobrevivencias, problemas contempor\u00e1neos, y aspiraciones del porvenir de los pueblos originarios de M\u00e9xico y Latinoam\u00e9rica.<\/p>\n<p>Por lo anterior se invita al p\u00fablico en general, a especialistas, estudiosos y aficionado del cine culturalista y constructivo, a asistir a la serie de proyecciones a la Sala Audiovisual del Museo Casa Natal de Morelos ubicada en la calle Corregidora 113, en el Centro Hist\u00f3rico de la Ciudad de Morelia, Michoac\u00e1n, de las 18:00 a las 20:00 horas, con acceso gratuito.<\/p>\n<p>Tambi\u00e9n se dio a conocer que en este festival se premiar\u00e1n dos obras consideradas por el jurado calificador como las mejores del certamen, con la entrega de obras artesanales elaboradas por artesanos ind\u00edgenas de Michoac\u00e1n, y cincuenta mil pesos en efectivo a cada uno de los dos realizadores de las pel\u00edculas ganadoras, como un incentivo a la vocaci\u00f3n de esta digna actividad.<\/p>\n<p>Tambi\u00e9n estuvieron presentes Edelmira Estrada Basilio, integrante de la Comisi\u00f3n Estatal para el Desarrollo de los Pueblos Ind\u00edgenas en Michoac\u00e1n y Jes\u00fas Vega, en representaci\u00f3n de la Secretar\u00eda de Salud Estatal.<\/p>\n","protected":false},"excerpt":{"rendered":"<p>Las proyecciones se realizar\u00e1n en el Museo Casa Natal de Morelos, en el marco del D\u00eda Internacional de los Pueblos Ind\u00edgenas \u00a0 Morelia, Mich,. a 22 de agosto de 2018.-\u00a0Con el objetivo de dar a conocer a la sociedad el patrimonio y situaci\u00f3n de los pueblos originarios, y organizado por la Comisi\u00f3n Interinstitucional para la [&hellip;]<\/p>\n","protected":false},"author":2,"featured_media":55966,"comment_status":"closed","ping_status":"closed","sticky":false,"template":"","format":"standard","meta":{"footnotes":""},"categories":[3],"tags":[],"class_list":["post-55965","post","type-post","status-publish","format-standard","has-post-thumbnail","hentry","category-gobierno-del-estado-de-michoacan"],"_links":{"self":[{"href":"https:\/\/radiowebmx.com\/nota\/wp-json\/wp\/v2\/posts\/55965","targetHints":{"allow":["GET"]}}],"collection":[{"href":"https:\/\/radiowebmx.com\/nota\/wp-json\/wp\/v2\/posts"}],"about":[{"href":"https:\/\/radiowebmx.com\/nota\/wp-json\/wp\/v2\/types\/post"}],"author":[{"embeddable":true,"href":"https:\/\/radiowebmx.com\/nota\/wp-json\/wp\/v2\/users\/2"}],"replies":[{"embeddable":true,"href":"https:\/\/radiowebmx.com\/nota\/wp-json\/wp\/v2\/comments?post=55965"}],"version-history":[{"count":1,"href":"https:\/\/radiowebmx.com\/nota\/wp-json\/wp\/v2\/posts\/55965\/revisions"}],"predecessor-version":[{"id":55967,"href":"https:\/\/radiowebmx.com\/nota\/wp-json\/wp\/v2\/posts\/55965\/revisions\/55967"}],"wp:featuredmedia":[{"embeddable":true,"href":"https:\/\/radiowebmx.com\/nota\/wp-json\/wp\/v2\/media\/55966"}],"wp:attachment":[{"href":"https:\/\/radiowebmx.com\/nota\/wp-json\/wp\/v2\/media?parent=55965"}],"wp:term":[{"taxonomy":"category","embeddable":true,"href":"https:\/\/radiowebmx.com\/nota\/wp-json\/wp\/v2\/categories?post=55965"},{"taxonomy":"post_tag","embeddable":true,"href":"https:\/\/radiowebmx.com\/nota\/wp-json\/wp\/v2\/tags?post=55965"}],"curies":[{"name":"wp","href":"https:\/\/api.w.org\/{rel}","templated":true}]}}