{"id":55959,"date":"2018-08-22T18:30:56","date_gmt":"2018-08-22T23:30:56","guid":{"rendered":"https:\/\/radiowebmx.com\/nota\/?p=55959"},"modified":"2018-08-22T18:30:56","modified_gmt":"2018-08-22T23:30:56","slug":"ciclo-escolar-2018-2019-inicio-al-100-por-ciento","status":"publish","type":"post","link":"https:\/\/radiowebmx.com\/nota\/ciclo-escolar-2018-2019-inicio-al-100-por-ciento\/","title":{"rendered":"Ciclo escolar 2018-2019 inici\u00f3 al 100 por ciento"},"content":{"rendered":"<p><strong>Morelia Michoac\u00e1n, a 22\u00a0de agosto de 2018.-<\/strong>\u00a0M\u00e1s de 60 mil maestros y maestras michoacanas regresaron a las aulas para dar inicio al Ciclo escolar 2018-2019 sin ning\u00fan contratiempo en todo lo ancho y largo del estado, as\u00ed lo inform\u00f3 el titular de la Secretar\u00eda de Educaci\u00f3n en el Estado, Alberto Frutis Sol\u00eds.<\/p>\n<p>\u201cEl ciclo escolar que inicia es un a\u00f1o donde se trabajar\u00e1 en la construcci\u00f3n de un mejor porvenir para el mill\u00f3n 300 mil ni\u00f1os, ni\u00f1as y j\u00f3venes de los 12 mil planteles de la entidad\u201d.<\/p>\n<p>Para ello, la SEE trabajar\u00e1 de manera directa con la federaci\u00f3n para seguir gestionando los recursos necesarios para atender las necesidades de las escuelas, donde hay que mejorar estructura y abastecer de materiales; es decir, darles las herramientas necesarias a los docentes para que brinden una educaci\u00f3n de calidad.<\/p>\n<p>Actualmente en Michoac\u00e1n contamos con maestros m\u00e1s competitivos en distintas escuelas, hemos logrado profesionalizar en tan s\u00f3lo un a\u00f1o m\u00e1s de 24 mil docentes, que est\u00e1n poniendo lo mejor de s\u00ed y van a dar mejores resultados.<\/p>\n<p>Se ha avanzado en cobertura en educaci\u00f3n obligatoria -no hay ning\u00fan ni\u00f1o sin acceso a la educaci\u00f3n p\u00fablica-, se ha mejorado en 52 de los 63 indicadores, dos se han mantenido y el resto est\u00e1n en posibilidad de mejora.<\/p>\n<p>En el plano de profesionalizaci\u00f3n docente se han evaluado 20 mil 818 docentes, 13 mil para el ingreso, 979 para promoci\u00f3n y 6 mil para el desempe\u00f1o. Aqu\u00ed en Michoac\u00e1n estamos certificando maestros y alumnos en ingl\u00e9s porque consideramos que todo alumno debe tener 3 conocimientos otro idioma, matem\u00e1ticas y como accesar a las nuevas tecnolog\u00edas.<\/p>\n","protected":false},"excerpt":{"rendered":"<p>Morelia Michoac\u00e1n, a 22\u00a0de agosto de 2018.-\u00a0M\u00e1s de 60 mil maestros y maestras michoacanas regresaron a las aulas para dar inicio al Ciclo escolar 2018-2019 sin ning\u00fan contratiempo en todo lo ancho y largo del estado, as\u00ed lo inform\u00f3 el titular de la Secretar\u00eda de Educaci\u00f3n en el Estado, Alberto Frutis Sol\u00eds. \u201cEl ciclo escolar [&hellip;]<\/p>\n","protected":false},"author":2,"featured_media":55960,"comment_status":"closed","ping_status":"closed","sticky":false,"template":"","format":"standard","meta":{"footnotes":""},"categories":[3],"tags":[],"class_list":["post-55959","post","type-post","status-publish","format-standard","has-post-thumbnail","hentry","category-gobierno-del-estado-de-michoacan"],"_links":{"self":[{"href":"https:\/\/radiowebmx.com\/nota\/wp-json\/wp\/v2\/posts\/55959","targetHints":{"allow":["GET"]}}],"collection":[{"href":"https:\/\/radiowebmx.com\/nota\/wp-json\/wp\/v2\/posts"}],"about":[{"href":"https:\/\/radiowebmx.com\/nota\/wp-json\/wp\/v2\/types\/post"}],"author":[{"embeddable":true,"href":"https:\/\/radiowebmx.com\/nota\/wp-json\/wp\/v2\/users\/2"}],"replies":[{"embeddable":true,"href":"https:\/\/radiowebmx.com\/nota\/wp-json\/wp\/v2\/comments?post=55959"}],"version-history":[{"count":1,"href":"https:\/\/radiowebmx.com\/nota\/wp-json\/wp\/v2\/posts\/55959\/revisions"}],"predecessor-version":[{"id":55961,"href":"https:\/\/radiowebmx.com\/nota\/wp-json\/wp\/v2\/posts\/55959\/revisions\/55961"}],"wp:featuredmedia":[{"embeddable":true,"href":"https:\/\/radiowebmx.com\/nota\/wp-json\/wp\/v2\/media\/55960"}],"wp:attachment":[{"href":"https:\/\/radiowebmx.com\/nota\/wp-json\/wp\/v2\/media?parent=55959"}],"wp:term":[{"taxonomy":"category","embeddable":true,"href":"https:\/\/radiowebmx.com\/nota\/wp-json\/wp\/v2\/categories?post=55959"},{"taxonomy":"post_tag","embeddable":true,"href":"https:\/\/radiowebmx.com\/nota\/wp-json\/wp\/v2\/tags?post=55959"}],"curies":[{"name":"wp","href":"https:\/\/api.w.org\/{rel}","templated":true}]}}