{"id":55953,"date":"2018-08-22T18:27:45","date_gmt":"2018-08-22T23:27:45","guid":{"rendered":"https:\/\/radiowebmx.com\/nota\/?p=55953"},"modified":"2018-08-22T18:27:45","modified_gmt":"2018-08-22T23:27:45","slug":"ayuntamiento-de-morelia-sigue-con-labores-de-balizamiento-en-avenida-madero","status":"publish","type":"post","link":"https:\/\/radiowebmx.com\/nota\/ayuntamiento-de-morelia-sigue-con-labores-de-balizamiento-en-avenida-madero\/","title":{"rendered":"Ayuntamiento de Morelia sigue con labores de balizamiento en Avenida Madero"},"content":{"rendered":"<p>Luego de que estas acciones iniciaron el d\u00eda martes en la zona cercana a Las Tarascas, continuar\u00e1n desde la calle Doctor Miguel Silva hasta Morelos.<\/p>\n<div>Morelia. Mich; a 22 de agosto de 2018<br \/>\nBOLET\u00cdN. 1435\/2018<\/div>\n<p>&nbsp;<\/p>\n<div>Con el prop\u00f3sito de mantener las vialidades del Centro Hist\u00f3rico aptas para el uso y disfrute de ciudadanos y visitantes, el Ayuntamiento de Morelia a trav\u00e9s de la Secretar\u00eda de Servicios P\u00fablicos contin\u00faa con las labores de balizamiento durante este mi\u00e9rcoles sobre la Avenida Madero.<\/p>\n<p>En este sentido, se informa que desde temprana hora de este mi\u00e9rcoles y tentativamente hasta las 13:00 horas, habr\u00e1 personal de la dependencia laborando sobre la Avenida desde su cruce con la calle Doctor Miguel Silva hasta su intersecci\u00f3n con Avenida Morelos. Por lo anterior, se realizar\u00e1n cortes parciales y totales de la circulaci\u00f3n, pero los cruces se mantendr\u00e1n abiertos para que los automovilistas puedan atravesar dicha avenida en sentido Norte o Sur.<\/p>\n<p>Cabe recordar que estas acciones tienen la finalidad de mantener las vialidades de la Capital Michoacana en buenas condiciones as\u00ed como hacer visible las indicaciones reglamentarias de las calles, por lo cual se solicita a la ciudadan\u00eda obedecer las se\u00f1ales en el lugar y tomar sus debidas precauciones.<\/p>\n<p>De esta forma, el Ayuntamiento de Morelia reitera su compromiso de seguir trabajando con labores diarias que abonen a la infraestructura vial de la ciudad, para que las familias morelianas cuenten con una mejor movilidad.<\/p><\/div>\n","protected":false},"excerpt":{"rendered":"<p>Luego de que estas acciones iniciaron el d\u00eda martes en la zona cercana a Las Tarascas, continuar\u00e1n desde la calle Doctor Miguel Silva hasta Morelos. Morelia. Mich; a 22 de agosto de 2018 BOLET\u00cdN. 1435\/2018 &nbsp; Con el prop\u00f3sito de mantener las vialidades del Centro Hist\u00f3rico aptas para el uso y disfrute de ciudadanos y [&hellip;]<\/p>\n","protected":false},"author":2,"featured_media":55954,"comment_status":"closed","ping_status":"closed","sticky":false,"template":"","format":"standard","meta":{"footnotes":""},"categories":[14,9],"tags":[],"class_list":["post-55953","post","type-post","status-publish","format-standard","has-post-thumbnail","hentry","category-destacadas","category-morelia"],"_links":{"self":[{"href":"https:\/\/radiowebmx.com\/nota\/wp-json\/wp\/v2\/posts\/55953","targetHints":{"allow":["GET"]}}],"collection":[{"href":"https:\/\/radiowebmx.com\/nota\/wp-json\/wp\/v2\/posts"}],"about":[{"href":"https:\/\/radiowebmx.com\/nota\/wp-json\/wp\/v2\/types\/post"}],"author":[{"embeddable":true,"href":"https:\/\/radiowebmx.com\/nota\/wp-json\/wp\/v2\/users\/2"}],"replies":[{"embeddable":true,"href":"https:\/\/radiowebmx.com\/nota\/wp-json\/wp\/v2\/comments?post=55953"}],"version-history":[{"count":1,"href":"https:\/\/radiowebmx.com\/nota\/wp-json\/wp\/v2\/posts\/55953\/revisions"}],"predecessor-version":[{"id":55955,"href":"https:\/\/radiowebmx.com\/nota\/wp-json\/wp\/v2\/posts\/55953\/revisions\/55955"}],"wp:featuredmedia":[{"embeddable":true,"href":"https:\/\/radiowebmx.com\/nota\/wp-json\/wp\/v2\/media\/55954"}],"wp:attachment":[{"href":"https:\/\/radiowebmx.com\/nota\/wp-json\/wp\/v2\/media?parent=55953"}],"wp:term":[{"taxonomy":"category","embeddable":true,"href":"https:\/\/radiowebmx.com\/nota\/wp-json\/wp\/v2\/categories?post=55953"},{"taxonomy":"post_tag","embeddable":true,"href":"https:\/\/radiowebmx.com\/nota\/wp-json\/wp\/v2\/tags?post=55953"}],"curies":[{"name":"wp","href":"https:\/\/api.w.org\/{rel}","templated":true}]}}