{"id":55945,"date":"2018-08-21T19:05:03","date_gmt":"2018-08-22T00:05:03","guid":{"rendered":"https:\/\/radiowebmx.com\/nota\/?p=55945"},"modified":"2018-08-21T19:05:03","modified_gmt":"2018-08-22T00:05:03","slug":"ayuntamiento-de-morelia-reitera-vias-de-circulacion-por-obra-en-antonio-alzate","status":"publish","type":"post","link":"https:\/\/radiowebmx.com\/nota\/ayuntamiento-de-morelia-reitera-vias-de-circulacion-por-obra-en-antonio-alzate\/","title":{"rendered":"Ayuntamiento de Morelia reitera v\u00edas de circulaci\u00f3n por obra en Antonio Alzate"},"content":{"rendered":"<p>\u2022\u00a0\u00a0\u00a0\u00a0\u00a0\u00a0\u00a0\u00a0\u00a0\u00a0\u00a0\u00a0 Las l\u00edneas de transporte p\u00fablico Industrial, Alberca, Caf\u00e9 y Caf\u00e9 2 contar\u00e1n con nuevas rutas temporales.<\/p>\n<p>\u2022\u00a0\u00a0\u00a0\u00a0\u00a0\u00a0\u00a0\u00a0\u00a0\u00a0\u00a0\u00a0 Las banquetas permanecer\u00e1n libres durante la obra, para que los ciudadanos y comerciantes tengan acceso a los establecimientos y servicios de la zona.<\/p>\n<div>Morelia, Mich., a 21 de agosto de 2018<br \/>\nBOLET\u00cdN\u00a0 1433\/2018<\/div>\n<p>&nbsp;<\/p>\n<div>El Ayuntamiento de Morelia a trav\u00e9s de la Secretar\u00eda de Desarrollo Metropolitano, reitera a la ciudadan\u00eda en general y en particular a los usuarios del transporte p\u00fablico, que debido a la obra de mantenimiento y embellecimiento de la Calle Antonio Alzate en el Centro Hist\u00f3rico se implementar\u00e1n rutas de circulaci\u00f3n alternas.<\/p>\n<p>En este sentido, es de recordar que las unidades de trasporte p\u00fablico Industrial, Alberca, Caf\u00e9 y Caf\u00e9 2 (tambi\u00e9n conocida como Caf\u00e9 Oro), rodear\u00e1n la zona intervenida descendiendo por Juan Jos\u00e9 de Lejarza, para despu\u00e9s tomar Ortega y Monta\u00f1ez y posteriormente girar en Vasco de Quiroga para reintegrarse a Antonio Alzate.<\/p>\n<p>En tanto que los automovilistas tambi\u00e9n podr\u00e1n hacer uso de la v\u00eda ya mencionada, as\u00ed como tambi\u00e9n tendr\u00e1n la opci\u00f3n de descender por Vicente Santa Mar\u00eda, para posteriormente girar a Ortega y Monta\u00f1ez y de igual forma girar en Vasco de Quiroga hasta reintegrarse a Antonio Alzate.<\/p>\n<p>Por ser una zona con alta actividad comercial, las banquetas permanecer\u00e1n libres durante la obra, para que los ciudadanos y comerciantes tengan un acceso f\u00e1cil a los establecimientos y servicios en el lugar, entre los que se encuentran ropa, calzado, gastronom\u00eda, tecnolog\u00eda y atenci\u00f3n en salud.<\/p>\n<p>Cabe detallar que por el momento se lleva a cabo la primera etapa de intervenci\u00f3n que comprende desde la calle Vasco de Quiroga hasta Vicente Santa Mar\u00eda; lo cual forma parte de un proyecto conjunto de mantenimiento y embellecimiento de diversas calles del Centro Hist\u00f3rico, la cual inici\u00f3 con la obra en Valladolid, y tambi\u00e9n incluir\u00e1 a Virrey de Mendoza y Vasco de Quiroga.\n<\/p><\/div>\n<div>Con este proyecto integral y conjunto, el Ayuntamiento de Morelia se mantiene firme en\u00a0 su compromiso de realizar acciones que sigan abonando a la consolidaci\u00f3n de infraestructura vial disfrutable para todos los habitantes y visitantes de la Capital.<\/div>\n","protected":false},"excerpt":{"rendered":"<p>\u2022\u00a0\u00a0\u00a0\u00a0\u00a0\u00a0\u00a0\u00a0\u00a0\u00a0\u00a0\u00a0 Las l\u00edneas de transporte p\u00fablico Industrial, Alberca, Caf\u00e9 y Caf\u00e9 2 contar\u00e1n con nuevas rutas temporales. \u2022\u00a0\u00a0\u00a0\u00a0\u00a0\u00a0\u00a0\u00a0\u00a0\u00a0\u00a0\u00a0 Las banquetas permanecer\u00e1n libres durante la obra, para que los ciudadanos y comerciantes tengan acceso a los establecimientos y servicios de la zona. Morelia, Mich., a 21 de agosto de 2018 BOLET\u00cdN\u00a0 1433\/2018 &nbsp; El Ayuntamiento de [&hellip;]<\/p>\n","protected":false},"author":2,"featured_media":55946,"comment_status":"closed","ping_status":"closed","sticky":false,"template":"","format":"standard","meta":{"footnotes":""},"categories":[14,9],"tags":[],"class_list":["post-55945","post","type-post","status-publish","format-standard","has-post-thumbnail","hentry","category-destacadas","category-morelia"],"_links":{"self":[{"href":"https:\/\/radiowebmx.com\/nota\/wp-json\/wp\/v2\/posts\/55945","targetHints":{"allow":["GET"]}}],"collection":[{"href":"https:\/\/radiowebmx.com\/nota\/wp-json\/wp\/v2\/posts"}],"about":[{"href":"https:\/\/radiowebmx.com\/nota\/wp-json\/wp\/v2\/types\/post"}],"author":[{"embeddable":true,"href":"https:\/\/radiowebmx.com\/nota\/wp-json\/wp\/v2\/users\/2"}],"replies":[{"embeddable":true,"href":"https:\/\/radiowebmx.com\/nota\/wp-json\/wp\/v2\/comments?post=55945"}],"version-history":[{"count":1,"href":"https:\/\/radiowebmx.com\/nota\/wp-json\/wp\/v2\/posts\/55945\/revisions"}],"predecessor-version":[{"id":55947,"href":"https:\/\/radiowebmx.com\/nota\/wp-json\/wp\/v2\/posts\/55945\/revisions\/55947"}],"wp:featuredmedia":[{"embeddable":true,"href":"https:\/\/radiowebmx.com\/nota\/wp-json\/wp\/v2\/media\/55946"}],"wp:attachment":[{"href":"https:\/\/radiowebmx.com\/nota\/wp-json\/wp\/v2\/media?parent=55945"}],"wp:term":[{"taxonomy":"category","embeddable":true,"href":"https:\/\/radiowebmx.com\/nota\/wp-json\/wp\/v2\/categories?post=55945"},{"taxonomy":"post_tag","embeddable":true,"href":"https:\/\/radiowebmx.com\/nota\/wp-json\/wp\/v2\/tags?post=55945"}],"curies":[{"name":"wp","href":"https:\/\/api.w.org\/{rel}","templated":true}]}}