{"id":55942,"date":"2018-08-21T19:04:02","date_gmt":"2018-08-22T00:04:02","guid":{"rendered":"https:\/\/radiowebmx.com\/nota\/?p=55942"},"modified":"2018-08-21T19:04:02","modified_gmt":"2018-08-22T00:04:02","slug":"con-baile-dif-michoacan-celebrara-a-los-adultos-mayores","status":"publish","type":"post","link":"https:\/\/radiowebmx.com\/nota\/con-baile-dif-michoacan-celebrara-a-los-adultos-mayores\/","title":{"rendered":"Con baile, DIF Michoac\u00e1n celebrar\u00e1 a los adultos mayores"},"content":{"rendered":"<p><strong>\u2022\u00a0\u00a0\u00a0<\/strong>\u00a0El evento se realizar\u00e1 en la Explanada del Samuel Ramos, frente a la Plaza Morelos<\/p>\n<p><strong>Morelia, Michoac\u00e1n, a 21 de agosto de 2018.-<\/strong>\u00a0El Sistema DIF Michoac\u00e1n se prepara para festejar a los hombres y mujeres mayores de 65 a\u00f1os y m\u00e1s, con la Celebraci\u00f3n del Adulto Mayor 2018, que se realizar\u00e1 los d\u00edas 27 y 28 de agosto.<\/p>\n<p>De acuerdo a la agenda programada, ser\u00e1 a las 8 de la ma\u00f1ana cuando inicien las actividades en el Centro Deportivo \u201cEjercito de la Revoluci\u00f3n\u201d, con una Feria del Empleo, para quienes tienen inter\u00e9s preparen sus solicitudes y\/o curr\u00edculas, ya que hay vacantes vigentes para adultos mayores.<\/p>\n<p>En la misma zona del Centro Deportivo conocido popularmente como \u201cVenustiano Carranza\u201d, se realizar\u00e1n actividades tendientes al cuidado de la salud de los festejados, con toma de glucosa, registro de talla y peso; as\u00ed como pr\u00e1ctica de yoga y thai chi, caminata, Torneo de cachibol, Torneo de Basquetbol; todo esto con la organizaci\u00f3n del DIF Michoac\u00e1n.<\/p>\n<p>Como es tradici\u00f3n, en el marco de las actividades se realizar\u00e1 la celebraci\u00f3n eucar\u00edstica en la Catedral de Morelia a las 17 horas, a la que le sigue el festejo con un gran pastel monumental, m\u00fasica y ballet folcl\u00f3rico.<\/p>\n<p>El d\u00eda 28 de agosto, decretado desde 1982 para celebrar a nivel internacional a las personas de la tercera edad, el festejo continuar\u00e1 con el baile que se realizar\u00e1 en la Explanada del Auditorio Samuel Ramos, evento que se complementa con una verbena y antojitos mexicanos.<\/p>\n","protected":false},"excerpt":{"rendered":"<p>\u2022\u00a0\u00a0\u00a0\u00a0El evento se realizar\u00e1 en la Explanada del Samuel Ramos, frente a la Plaza Morelos Morelia, Michoac\u00e1n, a 21 de agosto de 2018.-\u00a0El Sistema DIF Michoac\u00e1n se prepara para festejar a los hombres y mujeres mayores de 65 a\u00f1os y m\u00e1s, con la Celebraci\u00f3n del Adulto Mayor 2018, que se realizar\u00e1 los d\u00edas 27 y [&hellip;]<\/p>\n","protected":false},"author":2,"featured_media":55943,"comment_status":"closed","ping_status":"closed","sticky":false,"template":"","format":"standard","meta":{"footnotes":""},"categories":[3],"tags":[],"class_list":["post-55942","post","type-post","status-publish","format-standard","has-post-thumbnail","hentry","category-gobierno-del-estado-de-michoacan"],"_links":{"self":[{"href":"https:\/\/radiowebmx.com\/nota\/wp-json\/wp\/v2\/posts\/55942","targetHints":{"allow":["GET"]}}],"collection":[{"href":"https:\/\/radiowebmx.com\/nota\/wp-json\/wp\/v2\/posts"}],"about":[{"href":"https:\/\/radiowebmx.com\/nota\/wp-json\/wp\/v2\/types\/post"}],"author":[{"embeddable":true,"href":"https:\/\/radiowebmx.com\/nota\/wp-json\/wp\/v2\/users\/2"}],"replies":[{"embeddable":true,"href":"https:\/\/radiowebmx.com\/nota\/wp-json\/wp\/v2\/comments?post=55942"}],"version-history":[{"count":1,"href":"https:\/\/radiowebmx.com\/nota\/wp-json\/wp\/v2\/posts\/55942\/revisions"}],"predecessor-version":[{"id":55944,"href":"https:\/\/radiowebmx.com\/nota\/wp-json\/wp\/v2\/posts\/55942\/revisions\/55944"}],"wp:featuredmedia":[{"embeddable":true,"href":"https:\/\/radiowebmx.com\/nota\/wp-json\/wp\/v2\/media\/55943"}],"wp:attachment":[{"href":"https:\/\/radiowebmx.com\/nota\/wp-json\/wp\/v2\/media?parent=55942"}],"wp:term":[{"taxonomy":"category","embeddable":true,"href":"https:\/\/radiowebmx.com\/nota\/wp-json\/wp\/v2\/categories?post=55942"},{"taxonomy":"post_tag","embeddable":true,"href":"https:\/\/radiowebmx.com\/nota\/wp-json\/wp\/v2\/tags?post=55942"}],"curies":[{"name":"wp","href":"https:\/\/api.w.org\/{rel}","templated":true}]}}