{"id":55939,"date":"2018-08-21T19:02:42","date_gmt":"2018-08-22T00:02:42","guid":{"rendered":"https:\/\/radiowebmx.com\/nota\/?p=55939"},"modified":"2018-08-21T19:02:42","modified_gmt":"2018-08-22T00:02:42","slug":"la-inclusion-es-una-forma-de-apoyar-el-deporte-titular-del-imde","status":"publish","type":"post","link":"https:\/\/radiowebmx.com\/nota\/la-inclusion-es-una-forma-de-apoyar-el-deporte-titular-del-imde\/","title":{"rendered":"La inclusi\u00f3n es una forma de apoyar el Deporte: Titular del IMDE"},"content":{"rendered":"<p>\u2022\u00a0\u00a0\u00a0\u00a0\u00a0\u00a0\u00a0\u00a0\u00a0\u00a0\u00a0\u00a0 Salvador Alegre \u00c1lvarez, recibi\u00f3 en su despacho a parte del grupo de seleccionados en nataci\u00f3n rumbo a la Paralimpiada Nacional 2018.<\/p>\n<div>Morelia, Mich; a 21 de agosto de 2018.<br \/>\nBOLET\u00cdN. 1432\/2018.<\/div>\n<p>&nbsp;<\/p>\n<div>Como parte de las estrategias para dar cumplimiento a uno de los principales ejes de trabajo de la Administraci\u00f3n Municipal, que es el de crear una Morelia Incluyente, el titular del Instituto Municipal de Cultura F\u00edsica y Deporte (IMDE), Salvador Alegre \u00c1lvarez, recibi\u00f3 en su despacho a parte del grupo de seleccionados en nataci\u00f3n rumbo a la Paralimpiada Nacional 2018, que entrenan en el Complejo \u201cMedallistas Paral\u00edmpicos\u201d, a quienes dese\u00f3 suerte y calific\u00f3 como aut\u00e9nticos campeones.<\/p>\n<p>El Encargado del Despacho de la dependencia municipal en materia deportiva recibi\u00f3 a Alan Rodrigo M\u00e9ndez Franco, quien es uno de los nadadores, as\u00ed como a padres de familia la tarde de este martes en la direcci\u00f3n general, para darles no solo un mensaje de aliento, sino otorgarles material deportivo y una medalla, a manera de reconocimiento, a cada uno de ellos.<\/p>\n<p>\u201cQuiero desearles el mayor de los \u00e9xitos en la Paralimpiada que est\u00e1n por afrontar, a nuestra manera de ver las cosas ustedes ya son unos campeones y tal como lo ha indicado el Presidente Municipal, Alfonso Mart\u00ednez Alc\u00e1zar, nosotros los vamos a apoyar, porque la inclusi\u00f3n tambi\u00e9n puede sumar al deporte\u201d, sentenci\u00f3 Salvador Alegre.<\/p>\n<p>Por parte del IMDE, acudir\u00e1n atletas a cargo de los entrenadores H\u00e9ctor Rom\u00e1n y Guadalupe Rojas, quienes practican en la piscina ol\u00edmpica de la Unidad Deportiva Morelos INDECO, de 14:00 a 16:00 horas, y tienen la firme misi\u00f3n de subir al podio en la competencia.<\/p>\n<p>Alan Rodrigo M\u00e9ndez Franco acudir\u00e1 a la Paralimpiada\u00a0 que se realizar\u00e1 en Colima del 23 de agosto al 5 de septiembre, en la categor\u00eda Superior de la modalidad S14, establecida para personas con discapacidad intelectual, en donde participar\u00e1n en las pruebas de 200 y 400 metros libres, 50 mariposa, 100 dorso y 200 combinados.<\/p>\n<p>A la vez que Samuel Alejandro Ayala Castell\u00f3n, en la misma modalidad pero de la divisi\u00f3n Infantil, ver\u00e1 acci\u00f3n en los 100 y 200 metros de estilo libre, 50 mariposa, 50 pecho y 200 combinados.<\/p>\n<p>Finalmente, Jacqueline Gaona Villa, la tercera integrante del grupo, har\u00e1 lo propio en el mismo grado de discapacidad, en las competencias de 100 metros dorso y 200 libres.<\/p>\n<p>Actualmente y como parte de las pol\u00edticas del eje ya mencionado, en el IMDE laboran alrededor de 10 personas con discapacidad, ya sea como parte del mantenimiento de unidades deportivas o como apoyo en la piscina de INDECO, adem\u00e1s de que las personas con alg\u00fan padecimiento de ese tipo pueden hacer uso de las albercas de forma gratuita. Es de esta manera, que la Administraci\u00f3n Municipal contin\u00faa con acciones concretas en materia de deporte e inclusi\u00f3n en Morelia.<\/p><\/div>\n","protected":false},"excerpt":{"rendered":"<p>\u2022\u00a0\u00a0\u00a0\u00a0\u00a0\u00a0\u00a0\u00a0\u00a0\u00a0\u00a0\u00a0 Salvador Alegre \u00c1lvarez, recibi\u00f3 en su despacho a parte del grupo de seleccionados en nataci\u00f3n rumbo a la Paralimpiada Nacional 2018. Morelia, Mich; a 21 de agosto de 2018. BOLET\u00cdN. 1432\/2018. &nbsp; Como parte de las estrategias para dar cumplimiento a uno de los principales ejes de trabajo de la Administraci\u00f3n Municipal, que es [&hellip;]<\/p>\n","protected":false},"author":2,"featured_media":55940,"comment_status":"closed","ping_status":"closed","sticky":false,"template":"","format":"standard","meta":{"footnotes":""},"categories":[9],"tags":[],"class_list":["post-55939","post","type-post","status-publish","format-standard","has-post-thumbnail","hentry","category-morelia"],"_links":{"self":[{"href":"https:\/\/radiowebmx.com\/nota\/wp-json\/wp\/v2\/posts\/55939","targetHints":{"allow":["GET"]}}],"collection":[{"href":"https:\/\/radiowebmx.com\/nota\/wp-json\/wp\/v2\/posts"}],"about":[{"href":"https:\/\/radiowebmx.com\/nota\/wp-json\/wp\/v2\/types\/post"}],"author":[{"embeddable":true,"href":"https:\/\/radiowebmx.com\/nota\/wp-json\/wp\/v2\/users\/2"}],"replies":[{"embeddable":true,"href":"https:\/\/radiowebmx.com\/nota\/wp-json\/wp\/v2\/comments?post=55939"}],"version-history":[{"count":1,"href":"https:\/\/radiowebmx.com\/nota\/wp-json\/wp\/v2\/posts\/55939\/revisions"}],"predecessor-version":[{"id":55941,"href":"https:\/\/radiowebmx.com\/nota\/wp-json\/wp\/v2\/posts\/55939\/revisions\/55941"}],"wp:featuredmedia":[{"embeddable":true,"href":"https:\/\/radiowebmx.com\/nota\/wp-json\/wp\/v2\/media\/55940"}],"wp:attachment":[{"href":"https:\/\/radiowebmx.com\/nota\/wp-json\/wp\/v2\/media?parent=55939"}],"wp:term":[{"taxonomy":"category","embeddable":true,"href":"https:\/\/radiowebmx.com\/nota\/wp-json\/wp\/v2\/categories?post=55939"},{"taxonomy":"post_tag","embeddable":true,"href":"https:\/\/radiowebmx.com\/nota\/wp-json\/wp\/v2\/tags?post=55939"}],"curies":[{"name":"wp","href":"https:\/\/api.w.org\/{rel}","templated":true}]}}