{"id":55782,"date":"2018-08-15T18:18:31","date_gmt":"2018-08-15T23:18:31","guid":{"rendered":"https:\/\/radiowebmx.com\/nota\/?p=55782"},"modified":"2018-08-15T18:18:31","modified_gmt":"2018-08-15T23:18:31","slug":"jovenes-seleccionados-interesados-en-derechos-humanos-y-desarrollo-social","status":"publish","type":"post","link":"https:\/\/radiowebmx.com\/nota\/jovenes-seleccionados-interesados-en-derechos-humanos-y-desarrollo-social\/","title":{"rendered":"J\u00f3venes seleccionados interesados en derechos humanos y desarrollo social"},"content":{"rendered":"<p class=\"x_gmail-MsoListParagraph\">\u00b7\u00a0\u00a0\u00a0\u00a0\u00a0\u00a0\u00a0\u00a0\u00a0<i>6\u00b0 Parlamento Juvenil pr\u00f3ximo 30 y 31 de agosto<\/i><\/p>\n<p class=\"x_MsoNormal\"><b>Morelia; Michoac\u00e1n, 15 de agosto de 2018<\/b>.- 17 reformas a leyes vigentes, cuatro reformas a la Constituci\u00f3n Pol\u00edtica del Estado y tres nuevas legislaciones fueron las propuesta seleccionadas de los j\u00f3venes que integrar\u00e1n el 6\u00b0 Parlamento Juvenil de Michoac\u00e1n, asimismo, en la categor\u00eda de proyecto social los temas m\u00e1s recurrentes fue la protecci\u00f3n de los artesanos, del medio ambiente y la violencia.<\/p>\n<p class=\"x_MsoNormal\">Las tres propuestas de creaci\u00f3n de nuevas legislaciones fueron presentadas por Brandon Hassany de la Sancha Flores, Arturo Tena Huerta, Cuauht\u00e9moc Pedraza Orozco, quienes proponen se expida, respectivamente, la Ley de Derechos de los Pueblos y Comunidades Ind\u00edgenas; la Ley Regulatoria de Centros de Arresto Administrativo Municipal; y la Ley de Fomento a la Movilidad Alternativa y Sostenible. Mientras que las reformas constitucionales fueron presentadas por los j\u00f3venes Osvaldo Herrej\u00f3n Herrej\u00f3n, Gema Yunuen Pineda Flores, Brandon Rosas Pimentel.<\/p>\n<p class=\"x_MsoNormal\">Entre las 17 reformas a diversas leyes vigentes, se encuentran las normativas en materia de agua potable, participaci\u00f3n ciudadana, tr\u00e1nsito, j\u00f3venes, educaci\u00f3n, seguridad discapacidad, prevenci\u00f3n y gesti\u00f3n de residuos, leyes org\u00e1nicas municipal\u00a0\u00a0y de la administraci\u00f3n p\u00fablica, as\u00ed como a los c\u00f3digos electoral y penal, propuestas por las que fueron seleccionados lo j\u00f3venes: Yolanda Soto Morales, Carlos Ignacio Cortez Uriarte, Mar\u00eda Alexa de la Torre Madrigal, Lilia Stephania L\u00f3pez Heredia, Adriana Guadalupe Zurita Torres, Vanessa Ch\u00e1vez Z\u00e1rate, F\u00e1tima Carrasco Mart\u00ednez, Lisbeth Guadalupe S\u00e1nchez L\u00f3pez, Mar\u00eda Andrea M\u00e1rquez Roque, Rodolfo Ulises Vargas Jer\u00f3nimo, Abraham Hern\u00e1ndez Navarrete, Frida Andrea M\u00e9ndez Ju\u00e1rez, Jessica Talissa Vieyra Gonz\u00e1lez, Francisco \u00c1valos S\u00e1nchez, Eduardo Herrej\u00f3n Villanueva, Alejandra Teresa B\u00e1ez Chac\u00f3n y H\u00e9ctor Hern\u00e1ndez Aguirre.<\/p>\n<p class=\"x_MsoNormal\">Asimismo, en la categor\u00eda de proyecto social, por la propuesta de una producci\u00f3n de biofertilizante de bajo costo fue seleccionado Jes\u00fas Eduardo S\u00e1enz Ceja; Axel mayo Espinosa Carmona propuso la modificaci\u00f3n de un coche convencional para convertirse en recolector ecol\u00f3gico; Brahayam Luciano S\u00e1nchez Mendoza y Jorge Javier Sol\u00f3rzano S\u00e1nchez, coincidieron en el tema de los artesanos michoacanos, a trav\u00e9s de la educaci\u00f3n y el uso de las tecnolog\u00edas, respectivamente. Crear un espacio de ayuda psicolog\u00eda para j\u00f3venes propuso Ludmi Rosas Molina; de igual forma en el tema de los j\u00f3venes, Francisco Javier Madrigal Baltazar impulsa \u201cJoprodec\u201d, para impulsar el desarrollo de los mismos.<\/p>\n<p class=\"x_MsoNormal\">En temas ambientales coincidieron Ana Claudia L\u00f3pez Salas, Jessica Bravo Ram\u00edrez y Jos\u00e9 Luis Ponce Prudencio, proponiendo reforestaci\u00f3n, educaci\u00f3n ambiental y cooperativas agroforestales, respectivamente; Alexis Eliseo Santos Rodr\u00edguez expone la posibilidad que Michoac\u00e1n sea modelo de estado cardio protegido; Teo Flores Mendoza marca lineamientos para la correcta instauraci\u00f3n de espacios p\u00fablicos.<\/p>\n<p class=\"x_MsoNormal\">Por su parte, Luis No\u00e9 Reyna Orozco fue seleccionado por su proyecto de CERESO a RECESO, que busca rehabilitar lo que antes fue un Cereso en un centro que impulse el deporte y las artes; Shamadhi D\u00edaz Tinoco busca seguridad en los espacios p\u00fablicos para mujeres y ni\u00f1as, y erradicar el acoso callejero en Morelia.<\/p>\n<p class=\"x_MsoNormal\">Finalmente, fueron seleccionados Julio Antonio Santoyo Hern\u00e1ndez quien busca a trav\u00e9s de su proyecto mayor participaci\u00f3n ciudadana de los j\u00f3venes a trav\u00e9s de la capacitaci\u00f3n; y Estefan\u00eda Palomares Rodr\u00edguez, por su proyecto que prev\u00e9 el pr\u00e9stamo de bicicletas en la ciudad como una alternativa en la movilidad.<\/p>\n<p class=\"x_MsoNormal\">Cabe se\u00f1alar, que los cuarenta j\u00f3venes seleccionados, 24 por iniciativa y 16 por proyecto social, conformar\u00e1n el Parlamento Juvenil de Michoac\u00e1n 2018 los pr\u00f3ximos d\u00edas 30 y 31 de agosto.<\/p>\n<p class=\"x_MsoNormal\">\n","protected":false},"excerpt":{"rendered":"<p>\u00b7\u00a0\u00a0\u00a0\u00a0\u00a0\u00a0\u00a0\u00a0\u00a06\u00b0 Parlamento Juvenil pr\u00f3ximo 30 y 31 de agosto Morelia; Michoac\u00e1n, 15 de agosto de 2018.- 17 reformas a leyes vigentes, cuatro reformas a la Constituci\u00f3n Pol\u00edtica del Estado y tres nuevas legislaciones fueron las propuesta seleccionadas de los j\u00f3venes que integrar\u00e1n el 6\u00b0 Parlamento Juvenil de Michoac\u00e1n, asimismo, en la categor\u00eda de proyecto social [&hellip;]<\/p>\n","protected":false},"author":2,"featured_media":55783,"comment_status":"closed","ping_status":"closed","sticky":false,"template":"","format":"standard","meta":{"footnotes":""},"categories":[6,14],"tags":[],"class_list":["post-55782","post","type-post","status-publish","format-standard","has-post-thumbnail","hentry","category-congreso-del-estado","category-destacadas"],"_links":{"self":[{"href":"https:\/\/radiowebmx.com\/nota\/wp-json\/wp\/v2\/posts\/55782","targetHints":{"allow":["GET"]}}],"collection":[{"href":"https:\/\/radiowebmx.com\/nota\/wp-json\/wp\/v2\/posts"}],"about":[{"href":"https:\/\/radiowebmx.com\/nota\/wp-json\/wp\/v2\/types\/post"}],"author":[{"embeddable":true,"href":"https:\/\/radiowebmx.com\/nota\/wp-json\/wp\/v2\/users\/2"}],"replies":[{"embeddable":true,"href":"https:\/\/radiowebmx.com\/nota\/wp-json\/wp\/v2\/comments?post=55782"}],"version-history":[{"count":1,"href":"https:\/\/radiowebmx.com\/nota\/wp-json\/wp\/v2\/posts\/55782\/revisions"}],"predecessor-version":[{"id":55784,"href":"https:\/\/radiowebmx.com\/nota\/wp-json\/wp\/v2\/posts\/55782\/revisions\/55784"}],"wp:featuredmedia":[{"embeddable":true,"href":"https:\/\/radiowebmx.com\/nota\/wp-json\/wp\/v2\/media\/55783"}],"wp:attachment":[{"href":"https:\/\/radiowebmx.com\/nota\/wp-json\/wp\/v2\/media?parent=55782"}],"wp:term":[{"taxonomy":"category","embeddable":true,"href":"https:\/\/radiowebmx.com\/nota\/wp-json\/wp\/v2\/categories?post=55782"},{"taxonomy":"post_tag","embeddable":true,"href":"https:\/\/radiowebmx.com\/nota\/wp-json\/wp\/v2\/tags?post=55782"}],"curies":[{"name":"wp","href":"https:\/\/api.w.org\/{rel}","templated":true}]}}