{"id":55775,"date":"2018-08-15T18:01:19","date_gmt":"2018-08-15T23:01:19","guid":{"rendered":"https:\/\/radiowebmx.com\/nota\/?p=55775"},"modified":"2018-08-15T18:01:52","modified_gmt":"2018-08-15T23:01:52","slug":"jeovana-alcantar-llama-a-replantear-acciones-para-el-combate-a-la-pobreza-tema-central-de-la-agenda-nacional","status":"publish","type":"post","link":"https:\/\/radiowebmx.com\/nota\/jeovana-alcantar-llama-a-replantear-acciones-para-el-combate-a-la-pobreza-tema-central-de-la-agenda-nacional\/","title":{"rendered":"Jeovana Alc\u00e1ntar llama a replantear acciones para el combate a la pobreza; tema central de la agenda nacional"},"content":{"rendered":"<p class=\"x_MsoNormal\"><span lang=\"ES\">Uno de los temas pendientes en nuestro pa\u00eds es garantizar la igualdad de oportunidades y transformar la pol\u00edtica asistencialista en M\u00e9xico, propiciando condiciones de desarrollo econ\u00f3mico para las mujeres y los hombres, con inclusi\u00f3n social y sostenibilidad, afirm\u00f3 la diputada Jeovana Alc\u00e1ntar Baca, por lo que este tema debe ser prioritario en la agenda nacional.\u00a0<\/span><\/p>\n<p class=\"x_MsoNormal\"><span lang=\"ES\">La presidenta de la Comisi\u00f3n de Fortalecimiento Municipal y L\u00edmites Territoriales en el Congreso Local, reconoci\u00f3 que en nuestro pa\u00eds se carece de mecanismos legales que incidan en transformar la pol\u00edtica asistencialista y en la que se priorice una perspectiva de derechos humanos que garantice la igualdad de oportunidades y de acceso a los bienes y servicios b\u00e1sicos para el desarrollo humano.<\/span><\/p>\n<p>&nbsp;<\/p>\n<p class=\"x_MsoNormal\"><span lang=\"ES\">Ante el panorama actual, a\u00f1adi\u00f3 que es necesario la redefinici\u00f3n de la pol\u00edtica social para que \u00e9sta realmente contribuya a reducir la pobreza, la marginaci\u00f3n y la desigualdad en nuestro pa\u00eds, y con ello, verdaderamente lograr que en M\u00e9xico exista la justicia para todos los sectores sociales.<\/span><\/p>\n<p class=\"x_MsoNormal\"><span lang=\"ES\">Ha sido claro que en M\u00e9xico los programas sociales actuales no han sido suficientes para que se mejoren las condiciones de vida de los mexicanos, la cual afecta a m\u00e1s de 50 millones de mexicanos y pese a las acciones puestas en marcha no se ha logrado disminuir la pobreza.<\/span><\/p>\n<p class=\"x_MsoNormal\"><span lang=\"ES\">\u00a0<\/span><\/p>\n<p class=\"x_MsoNormal\"><span lang=\"ES\">Por lo anterior, la diputada local por el Distrito de Hidalgo dijo que se deben replantear los mecanismos para combatir la pobreza, apostando al crecimiento econ\u00f3mico y a atacar las causas estructurales\u00a0\u00a0de la pobreza y marginaci\u00f3n..<\/span><\/p>\n<p class=\"x_MsoNormal\"><span lang=\"ES\">\u00a0<\/span><\/p>\n<p class=\"x_MsoNormal\"><span lang=\"ES\">Por ello, a\u00f1adi\u00f3 que se debe apostar al crecimiento econ\u00f3mico de nuestro pa\u00eds de forma integral, en la que se establezca como prioridad el combate a la pobreza de fondo, con el objetivo de garantizar que la poblaci\u00f3n mejore sus condiciones de vida.<\/span><\/p>\n<p class=\"x_MsoNormal\"><span lang=\"ES\">\u00a0<\/span><\/p>\n<p class=\"x_MsoNormal\"><span lang=\"ES\">Jeovana Alc\u00e1ntar mencion\u00f3 que se debe partir desde una\u00a0<\/span>perspectiva de derechos para la igualdad de oportunidades, fortaleciendo los distintos rubros\u00a0<span lang=\"ES\">como la salud, la educaci\u00f3n, la alimentaci\u00f3n, la vivienda y la cultura.<\/span><\/p>\n","protected":false},"excerpt":{"rendered":"<p>Uno de los temas pendientes en nuestro pa\u00eds es garantizar la igualdad de oportunidades y transformar la pol\u00edtica asistencialista en M\u00e9xico, propiciando condiciones de desarrollo econ\u00f3mico para las mujeres y los hombres, con inclusi\u00f3n social y sostenibilidad, afirm\u00f3 la diputada Jeovana Alc\u00e1ntar Baca, por lo que este tema debe ser prioritario en la agenda nacional.\u00a0 [&hellip;]<\/p>\n","protected":false},"author":2,"featured_media":55773,"comment_status":"closed","ping_status":"closed","sticky":false,"template":"","format":"standard","meta":{"footnotes":""},"categories":[6],"tags":[],"class_list":["post-55775","post","type-post","status-publish","format-standard","has-post-thumbnail","hentry","category-congreso-del-estado"],"_links":{"self":[{"href":"https:\/\/radiowebmx.com\/nota\/wp-json\/wp\/v2\/posts\/55775","targetHints":{"allow":["GET"]}}],"collection":[{"href":"https:\/\/radiowebmx.com\/nota\/wp-json\/wp\/v2\/posts"}],"about":[{"href":"https:\/\/radiowebmx.com\/nota\/wp-json\/wp\/v2\/types\/post"}],"author":[{"embeddable":true,"href":"https:\/\/radiowebmx.com\/nota\/wp-json\/wp\/v2\/users\/2"}],"replies":[{"embeddable":true,"href":"https:\/\/radiowebmx.com\/nota\/wp-json\/wp\/v2\/comments?post=55775"}],"version-history":[{"count":2,"href":"https:\/\/radiowebmx.com\/nota\/wp-json\/wp\/v2\/posts\/55775\/revisions"}],"predecessor-version":[{"id":55777,"href":"https:\/\/radiowebmx.com\/nota\/wp-json\/wp\/v2\/posts\/55775\/revisions\/55777"}],"wp:featuredmedia":[{"embeddable":true,"href":"https:\/\/radiowebmx.com\/nota\/wp-json\/wp\/v2\/media\/55773"}],"wp:attachment":[{"href":"https:\/\/radiowebmx.com\/nota\/wp-json\/wp\/v2\/media?parent=55775"}],"wp:term":[{"taxonomy":"category","embeddable":true,"href":"https:\/\/radiowebmx.com\/nota\/wp-json\/wp\/v2\/categories?post=55775"},{"taxonomy":"post_tag","embeddable":true,"href":"https:\/\/radiowebmx.com\/nota\/wp-json\/wp\/v2\/tags?post=55775"}],"curies":[{"name":"wp","href":"https:\/\/api.w.org\/{rel}","templated":true}]}}