{"id":55575,"date":"2018-08-10T19:05:23","date_gmt":"2018-08-11T00:05:23","guid":{"rendered":"https:\/\/radiowebmx.com\/nota\/?p=55575"},"modified":"2018-08-10T19:05:23","modified_gmt":"2018-08-11T00:05:23","slug":"con-trabajos-de-investigacion-y-eficiencia-policia-de-morelia-detiene-a-presunto-responsable-de-homicidio","status":"publish","type":"post","link":"https:\/\/radiowebmx.com\/nota\/con-trabajos-de-investigacion-y-eficiencia-policia-de-morelia-detiene-a-presunto-responsable-de-homicidio\/","title":{"rendered":"Con trabajos de investigaci\u00f3n y eficiencia, Polic\u00eda de Morelia detiene a presunto responsable de homicidio"},"content":{"rendered":"<div>\u2022\u00a0\u00a0\u00a0\u00a0\u00a0\u00a0\u00a0 Los efectivos municipales ubicaron al individuo en posesi\u00f3n de un automotor robado.<\/p>\n<p>\u2022\u00a0\u00a0\u00a0\u00a0\u00a0\u00a0\u00a0 Tanto el cami\u00f3n como el individuo fueron presentados ante el Ministerio P\u00fablico.\n<\/p><\/div>\n<div><a href=\"https:\/\/radiowebmx.com\/nota\/wp-content\/uploads\/2018\/08\/2a72ddd2-b562-43e9-af0a-b11c46b8ff37.jpg\"><img loading=\"lazy\" decoding=\"async\" class=\"wp-image-55576 alignnone\" src=\"https:\/\/radiowebmx.com\/nota\/wp-content\/uploads\/2018\/08\/2a72ddd2-b562-43e9-af0a-b11c46b8ff37-595x793.jpg\" alt=\"\" width=\"399\" height=\"531\" srcset=\"https:\/\/radiowebmx.com\/nota\/wp-content\/uploads\/2018\/08\/2a72ddd2-b562-43e9-af0a-b11c46b8ff37-595x793.jpg 595w, https:\/\/radiowebmx.com\/nota\/wp-content\/uploads\/2018\/08\/2a72ddd2-b562-43e9-af0a-b11c46b8ff37-480x640.jpg 480w, https:\/\/radiowebmx.com\/nota\/wp-content\/uploads\/2018\/08\/2a72ddd2-b562-43e9-af0a-b11c46b8ff37-768x1024.jpg 768w, https:\/\/radiowebmx.com\/nota\/wp-content\/uploads\/2018\/08\/2a72ddd2-b562-43e9-af0a-b11c46b8ff37.jpg 774w\" sizes=\"auto, (max-width: 399px) 100vw, 399px\" \/><\/a><\/div>\n<div>\nMediante eficientes procesos de trabajos de investigaci\u00f3n y acci\u00f3n inmediata, la tarde de este jueves, elementos de la Polic\u00eda de Morelia detuvieron en la Colonia Ciudad Jard\u00edn a un individuo que era buscado por su presunta relaci\u00f3n con un homicidio ocurrido en d\u00edas recientes.<\/p>\n<p>Al contar con informaci\u00f3n de que un cami\u00f3n tipo pipa que hab\u00eda sido robado y ten\u00eda relaci\u00f3n con el referido homicidio, se encontraba en la mencionada colonia, los efectivos municipales arribaron a la brevedad a este sitio, donde ubicaron al individuo identificado como Hugo G., que se encontraba retirando partes del automotor y era buscado por su presunta relaci\u00f3n en un delito de homicidio.<\/p>\n<p>Por lo anterior, los elementos de la Polic\u00eda de Morelia procedieron conforme a protocolo a la detenci\u00f3n del individuo y asimismo verificaron los antecedentes del veh\u00edculo, resultando positivos a reporte de robo, por lo cual presentaron al sujeto ante la Fiscal\u00eda de Homicidios del Ministerio P\u00fablico y ante las autoridades correspondientes.<\/p>\n<p>Con estas acciones, la Polic\u00eda de Morelia demuestra su eficiente trabajo en favor de la ciudadan\u00eda y mantiene resultados tangibles en su tarea por proteger a los habitantes de todo el territorio municipal y hacer prevalecer el Estado de Derecho<\/p><\/div>\n","protected":false},"excerpt":{"rendered":"<p>\u2022\u00a0\u00a0\u00a0\u00a0\u00a0\u00a0\u00a0 Los efectivos municipales ubicaron al individuo en posesi\u00f3n de un automotor robado. \u2022\u00a0\u00a0\u00a0\u00a0\u00a0\u00a0\u00a0 Tanto el cami\u00f3n como el individuo fueron presentados ante el Ministerio P\u00fablico. Mediante eficientes procesos de trabajos de investigaci\u00f3n y acci\u00f3n inmediata, la tarde de este jueves, elementos de la Polic\u00eda de Morelia detuvieron en la Colonia Ciudad Jard\u00edn a un [&hellip;]<\/p>\n","protected":false},"author":2,"featured_media":55576,"comment_status":"closed","ping_status":"closed","sticky":false,"template":"","format":"standard","meta":{"footnotes":""},"categories":[9],"tags":[],"class_list":["post-55575","post","type-post","status-publish","format-standard","has-post-thumbnail","hentry","category-morelia"],"_links":{"self":[{"href":"https:\/\/radiowebmx.com\/nota\/wp-json\/wp\/v2\/posts\/55575","targetHints":{"allow":["GET"]}}],"collection":[{"href":"https:\/\/radiowebmx.com\/nota\/wp-json\/wp\/v2\/posts"}],"about":[{"href":"https:\/\/radiowebmx.com\/nota\/wp-json\/wp\/v2\/types\/post"}],"author":[{"embeddable":true,"href":"https:\/\/radiowebmx.com\/nota\/wp-json\/wp\/v2\/users\/2"}],"replies":[{"embeddable":true,"href":"https:\/\/radiowebmx.com\/nota\/wp-json\/wp\/v2\/comments?post=55575"}],"version-history":[{"count":1,"href":"https:\/\/radiowebmx.com\/nota\/wp-json\/wp\/v2\/posts\/55575\/revisions"}],"predecessor-version":[{"id":55577,"href":"https:\/\/radiowebmx.com\/nota\/wp-json\/wp\/v2\/posts\/55575\/revisions\/55577"}],"wp:featuredmedia":[{"embeddable":true,"href":"https:\/\/radiowebmx.com\/nota\/wp-json\/wp\/v2\/media\/55576"}],"wp:attachment":[{"href":"https:\/\/radiowebmx.com\/nota\/wp-json\/wp\/v2\/media?parent=55575"}],"wp:term":[{"taxonomy":"category","embeddable":true,"href":"https:\/\/radiowebmx.com\/nota\/wp-json\/wp\/v2\/categories?post=55575"},{"taxonomy":"post_tag","embeddable":true,"href":"https:\/\/radiowebmx.com\/nota\/wp-json\/wp\/v2\/tags?post=55575"}],"curies":[{"name":"wp","href":"https:\/\/api.w.org\/{rel}","templated":true}]}}