{"id":55417,"date":"2018-08-02T19:48:55","date_gmt":"2018-08-03T00:48:55","guid":{"rendered":"https:\/\/radiowebmx.com\/nota\/?p=55417"},"modified":"2018-08-02T19:48:55","modified_gmt":"2018-08-03T00:48:55","slug":"alfonso-martinez-marca-rumbo-en-politicas-a-favor-de-los-adultos-mayores","status":"publish","type":"post","link":"https:\/\/radiowebmx.com\/nota\/alfonso-martinez-marca-rumbo-en-politicas-a-favor-de-los-adultos-mayores\/","title":{"rendered":"Alfonso Mart\u00ednez marca rumbo en pol\u00edticas a favor de los adultos mayores"},"content":{"rendered":"<ul>\n<li>En 2017, la CEDH reconoci\u00f3 la Casa de los Abuelos \u201cMiguel Hidalgo\u201d y la Estancia Diurna del Adulto Mayor, como los centros de atenci\u00f3n a personas de la tercera edad mejor evaluados del estado.<\/li>\n<\/ul>\n<p>&nbsp;<\/p>\n<ul>\n<li>Durante esta Administraci\u00f3n se ampliaron los servicios m\u00e9dicos de especialistas.<\/li>\n<\/ul>\n<p><a href=\"https:\/\/radiowebmx.com\/nota\/wp-content\/uploads\/2018\/08\/bba11b60-fd48-4884-be73-5dc81249604d.jpeg\"><img loading=\"lazy\" decoding=\"async\" class=\"alignright size-medium wp-image-55418\" src=\"https:\/\/radiowebmx.com\/nota\/wp-content\/uploads\/2018\/08\/bba11b60-fd48-4884-be73-5dc81249604d-595x451.jpeg\" alt=\"\" width=\"595\" height=\"451\" srcset=\"https:\/\/radiowebmx.com\/nota\/wp-content\/uploads\/2018\/08\/bba11b60-fd48-4884-be73-5dc81249604d-595x451.jpeg 595w, https:\/\/radiowebmx.com\/nota\/wp-content\/uploads\/2018\/08\/bba11b60-fd48-4884-be73-5dc81249604d-768x583.jpeg 768w, https:\/\/radiowebmx.com\/nota\/wp-content\/uploads\/2018\/08\/bba11b60-fd48-4884-be73-5dc81249604d-960x728.jpeg 960w, https:\/\/radiowebmx.com\/nota\/wp-content\/uploads\/2018\/08\/bba11b60-fd48-4884-be73-5dc81249604d.jpeg 1280w\" sizes=\"auto, (max-width: 595px) 100vw, 595px\" \/><\/a><\/p>\n<div>Morelia, Mich; a 02 de agosto de 2018<br \/>\nBOLET\u00cdN. 1330\/2018<\/div>\n<div>\n<p>En s\u00f3lo tres a\u00f1os, la Administraci\u00f3n Independiente encabezada por el Presidente Municipal, Alfonso Mart\u00ednez Alc\u00e1zar, a trav\u00e9s del Sistema DIF Morelia, marc\u00f3 rumbo en las pol\u00edticas de atenci\u00f3n de las personas de la tercera edad, al generar mayores oportunidades de protecci\u00f3n y desarrollo para este sector de la poblaci\u00f3n.<\/p>\n<p>Al respecto, la Presidenta Honoraria del DIF Municipal, Paola Delgadillo de Mart\u00ednez, subray\u00f3 que como nunca antes en el actual gobierno se dio especial atenci\u00f3n a los adultos mayores, en aras de brindarles una mejor calidad de vida.<\/p>\n<p>Fue as\u00ed que, como resultado de las acciones implementadas en este rubro, en el 2017 la Comisi\u00f3n Estatal de Derechos Humanos (CEDH) reconoci\u00f3 a la Casa de los Abuelos \u201cMiguel Hidalgo\u201d y a la Estancia Diurna del Adulto Mayor (EDAM), como los centros de atenci\u00f3n a personas de la tercera edad mejor evaluados del estado, por su alto potencial para otorgar asistencia de calidad.<\/p>\n<p>&#8220;Con acciones concretas, en esta Administraci\u00f3n demostramos nuestro compromiso con uno de los sectores que m\u00e1s lo necesitan: los adultos mayores, quienes no s\u00f3lo merecen todo nuestro respeto y reconocimiento, sino adem\u00e1s tienen el derecho de vivir esta etapa en plenitud y con condiciones dignas. Por ello, buscamos generar oportunidades de protecci\u00f3n y desarrollo saludable mediante los servicios que ofrecemos d\u00eda a d\u00eda en nuestra instituci\u00f3n&#8221;, destac\u00f3 Paola Delgadillo.<\/p>\n<p>En este tenor, detall\u00f3 que en la presente gesti\u00f3n municipal, en la Casa de los Abuelos &#8220;Miguel Hidalgo&#8221; se ampliaron los servicios de atenci\u00f3n por especialistas como nutrici\u00f3n y podolog\u00eda, adem\u00e1s de que dio mantenimiento a su infraestructura, se renov\u00f3 el transporte para su comodidad y se logr\u00f3 mejorar la calidad de vida y con ello disminuir la tasa de mortandad de los 40 usuarios.<\/p>\n<p>Es de mencionar que tanto el EDAM como la Casa de los Abuelos, son espacios dignos que fomentan el esparcimiento recreativo de dicho sector de la poblaci\u00f3n y en cuyos centros se otorgan tambi\u00e9n atenciones para el cuidado de su salud, a trav\u00e9s de las \u00e1reas de psicolog\u00eda, m\u00e9dica, dental, podol\u00f3gica, de nutrici\u00f3n y de rehabilitaci\u00f3n f\u00edsica, as\u00ed como cuidados de enfermer\u00eda.<\/p>\n<p>Con estas acciones, el Gobierno Independiente dio rumbo a las pol\u00edticas p\u00fablicas de cuidado y protecci\u00f3n de las personas de la tercera edad en la capital michoacana.<\/p><\/div>\n","protected":false},"excerpt":{"rendered":"<p>En 2017, la CEDH reconoci\u00f3 la Casa de los Abuelos \u201cMiguel Hidalgo\u201d y la Estancia Diurna del Adulto Mayor, como los centros de atenci\u00f3n a personas de la tercera edad mejor evaluados del estado. &nbsp; Durante esta Administraci\u00f3n se ampliaron los servicios m\u00e9dicos de especialistas. Morelia, Mich; a 02 de agosto de 2018 BOLET\u00cdN. 1330\/2018 [&hellip;]<\/p>\n","protected":false},"author":2,"featured_media":55419,"comment_status":"closed","ping_status":"closed","sticky":false,"template":"","format":"standard","meta":{"footnotes":""},"categories":[9],"tags":[],"class_list":["post-55417","post","type-post","status-publish","format-standard","has-post-thumbnail","hentry","category-morelia"],"_links":{"self":[{"href":"https:\/\/radiowebmx.com\/nota\/wp-json\/wp\/v2\/posts\/55417","targetHints":{"allow":["GET"]}}],"collection":[{"href":"https:\/\/radiowebmx.com\/nota\/wp-json\/wp\/v2\/posts"}],"about":[{"href":"https:\/\/radiowebmx.com\/nota\/wp-json\/wp\/v2\/types\/post"}],"author":[{"embeddable":true,"href":"https:\/\/radiowebmx.com\/nota\/wp-json\/wp\/v2\/users\/2"}],"replies":[{"embeddable":true,"href":"https:\/\/radiowebmx.com\/nota\/wp-json\/wp\/v2\/comments?post=55417"}],"version-history":[{"count":1,"href":"https:\/\/radiowebmx.com\/nota\/wp-json\/wp\/v2\/posts\/55417\/revisions"}],"predecessor-version":[{"id":55420,"href":"https:\/\/radiowebmx.com\/nota\/wp-json\/wp\/v2\/posts\/55417\/revisions\/55420"}],"wp:featuredmedia":[{"embeddable":true,"href":"https:\/\/radiowebmx.com\/nota\/wp-json\/wp\/v2\/media\/55419"}],"wp:attachment":[{"href":"https:\/\/radiowebmx.com\/nota\/wp-json\/wp\/v2\/media?parent=55417"}],"wp:term":[{"taxonomy":"category","embeddable":true,"href":"https:\/\/radiowebmx.com\/nota\/wp-json\/wp\/v2\/categories?post=55417"},{"taxonomy":"post_tag","embeddable":true,"href":"https:\/\/radiowebmx.com\/nota\/wp-json\/wp\/v2\/tags?post=55417"}],"curies":[{"name":"wp","href":"https:\/\/api.w.org\/{rel}","templated":true}]}}