{"id":55414,"date":"2018-08-02T19:47:26","date_gmt":"2018-08-03T00:47:26","guid":{"rendered":"https:\/\/radiowebmx.com\/nota\/?p=55414"},"modified":"2018-08-02T19:47:58","modified_gmt":"2018-08-03T00:47:58","slug":"con-24-obras-se-inaugura-la-exposicion-fotografica-iluminacion-guerrillera-en-la-casa-taller-alfredo-zalce","status":"publish","type":"post","link":"https:\/\/radiowebmx.com\/nota\/con-24-obras-se-inaugura-la-exposicion-fotografica-iluminacion-guerrillera-en-la-casa-taller-alfredo-zalce\/","title":{"rendered":"Con 24 obras se inaugura la exposici\u00f3n fotogr\u00e1fica \u201cIluminaci\u00f3n Guerrillera\u201d en la Casa Taller \u201cAlfredo Zalce\u201d"},"content":{"rendered":"<ul>\n<li><strong>Dichas obras son el resultado del taller te\u00f3rico\u2013pr\u00e1ctico que fue impartido por el fot\u00f3grafo mexicano Eniac Mart\u00ednez Ulloa en 2017<\/strong>.<\/li>\n<\/ul>\n<p><a href=\"https:\/\/radiowebmx.com\/nota\/wp-content\/uploads\/2018\/08\/1ebc4152-9df3-4048-a76f-1564f26c1db2.png\"><img loading=\"lazy\" decoding=\"async\" class=\"wp-image-55415 alignnone\" src=\"https:\/\/radiowebmx.com\/nota\/wp-content\/uploads\/2018\/08\/1ebc4152-9df3-4048-a76f-1564f26c1db2-595x595.png\" alt=\"\" width=\"398\" height=\"398\" srcset=\"https:\/\/radiowebmx.com\/nota\/wp-content\/uploads\/2018\/08\/1ebc4152-9df3-4048-a76f-1564f26c1db2-595x595.png 595w, https:\/\/radiowebmx.com\/nota\/wp-content\/uploads\/2018\/08\/1ebc4152-9df3-4048-a76f-1564f26c1db2-768x768.png 768w, https:\/\/radiowebmx.com\/nota\/wp-content\/uploads\/2018\/08\/1ebc4152-9df3-4048-a76f-1564f26c1db2-400x400.png 400w, https:\/\/radiowebmx.com\/nota\/wp-content\/uploads\/2018\/08\/1ebc4152-9df3-4048-a76f-1564f26c1db2-800x800.png 800w, https:\/\/radiowebmx.com\/nota\/wp-content\/uploads\/2018\/08\/1ebc4152-9df3-4048-a76f-1564f26c1db2-120x120.png 120w, https:\/\/radiowebmx.com\/nota\/wp-content\/uploads\/2018\/08\/1ebc4152-9df3-4048-a76f-1564f26c1db2-600x600.png 600w, https:\/\/radiowebmx.com\/nota\/wp-content\/uploads\/2018\/08\/1ebc4152-9df3-4048-a76f-1564f26c1db2.png 928w\" sizes=\"auto, (max-width: 398px) 100vw, 398px\" \/><\/a><\/p>\n<p><strong>Morelia, Mich., a 2 de agosto de 2018.-<\/strong>\u00a0Resultado del taller te\u00f3rico\u2013pr\u00e1ctico \u201cIluminaci\u00f3n Guerrillera\u201d, que fue impartido por el fot\u00f3grafo mexicano Eniac Mart\u00ednez Ulloa, bajo la coordinaci\u00f3n de la Secretar\u00eda de Cultura de Michoac\u00e1n, el pr\u00f3ximo 3 de agosto a las 18:00 horas, se llevar\u00e1 a cabo la inauguraci\u00f3n de una exposici\u00f3n en la Casa Taller \u201cAlfredo Zalce\u201d, donde permanecer\u00e1 por espacio de un mes.<\/p>\n<p>Como se recordar\u00e1, el taller te\u00f3rico-pr\u00e1ctico se llev\u00f3 a cabo en 2017 bajo la supervisi\u00f3n del Departamento de Artes Visuales de la Direcci\u00f3n de Promoci\u00f3n y Fomento de la dependencia estatal.<br \/>\nDicho proyecto se desarroll\u00f3 con el fin de sensibilizar al participante sobre las diversas formas en que incide la luz y aprender a iluminar utilizando fuentes de luz de bajo costo y al alcance de cualquier persona.<\/p>\n<p>La muestra est\u00e1 integrada por 24 obras realizadas por los 12\u00a0los asistentes al taller, cuyas edades oscilaron entre los 20 a 63 a\u00f1os, entre novatos y expertos en fotograf\u00eda.<\/p>\n<p>Eniac Mart\u00ednez naci\u00f3 en la ciudad de M\u00e9xico en 1959. Inici\u00f3 su formaci\u00f3n art\u00edstica en 1980 en el Instituto\u00a0superior de Arte de la Habana, Cuba, y la continu\u00f3 en la Escuela Nacional de Artes Pl\u00e1sticas de la UNAM\u00a0de 1982 a 1985.<\/p>\n<p>Tom\u00f3 clases en el\u00a0<em>International Center of Photography<\/em>\u00a0de Nueva York en 1987 y hasta la fecha ha expuesto individualmente en 75 ocasiones, su obra se encuentra en diversos fondos y colecciones, as\u00ed como en diversas publicaciones\u00a0en\u00a0revistas y peri\u00f3dicos de M\u00e9xico y el extranjero, entre los\u00a0que se encuentran Independent Magazine, Daily Telegraph, Geographical Magazine, Los Angeles Times, Bostonian Magazine, New York Times, Camera and Darkroom, Artes de M\u00e9xico, Luna Cornea, Letras Libres,\u00a0Gatopardo, Photo France, Frame Work, Letras Libres, La Jornada, Reforma y Milenio, Luna Cornea, Ojarasca, entre otras.<\/p>\n<p>Es autor de los libros \u201cMixtecos\u201d, \u201cLitorales\u201d, \u201cCamino Real de Tierra Adentro\u201d y \u201cR\u00edos\u201d. Actualmente desarrolla su proyecto acerca de la Basura y es Miembro del Sistema Nacional de Creadores del FONCA desde el a\u00f1o 2000.<\/p>\n","protected":false},"excerpt":{"rendered":"<p>Dichas obras son el resultado del taller te\u00f3rico\u2013pr\u00e1ctico que fue impartido por el fot\u00f3grafo mexicano Eniac Mart\u00ednez Ulloa en 2017. Morelia, Mich., a 2 de agosto de 2018.-\u00a0Resultado del taller te\u00f3rico\u2013pr\u00e1ctico \u201cIluminaci\u00f3n Guerrillera\u201d, que fue impartido por el fot\u00f3grafo mexicano Eniac Mart\u00ednez Ulloa, bajo la coordinaci\u00f3n de la Secretar\u00eda de Cultura de Michoac\u00e1n, el pr\u00f3ximo [&hellip;]<\/p>\n","protected":false},"author":2,"featured_media":55415,"comment_status":"closed","ping_status":"closed","sticky":false,"template":"","format":"standard","meta":{"footnotes":""},"categories":[3],"tags":[],"class_list":["post-55414","post","type-post","status-publish","format-standard","has-post-thumbnail","hentry","category-gobierno-del-estado-de-michoacan"],"_links":{"self":[{"href":"https:\/\/radiowebmx.com\/nota\/wp-json\/wp\/v2\/posts\/55414","targetHints":{"allow":["GET"]}}],"collection":[{"href":"https:\/\/radiowebmx.com\/nota\/wp-json\/wp\/v2\/posts"}],"about":[{"href":"https:\/\/radiowebmx.com\/nota\/wp-json\/wp\/v2\/types\/post"}],"author":[{"embeddable":true,"href":"https:\/\/radiowebmx.com\/nota\/wp-json\/wp\/v2\/users\/2"}],"replies":[{"embeddable":true,"href":"https:\/\/radiowebmx.com\/nota\/wp-json\/wp\/v2\/comments?post=55414"}],"version-history":[{"count":1,"href":"https:\/\/radiowebmx.com\/nota\/wp-json\/wp\/v2\/posts\/55414\/revisions"}],"predecessor-version":[{"id":55416,"href":"https:\/\/radiowebmx.com\/nota\/wp-json\/wp\/v2\/posts\/55414\/revisions\/55416"}],"wp:featuredmedia":[{"embeddable":true,"href":"https:\/\/radiowebmx.com\/nota\/wp-json\/wp\/v2\/media\/55415"}],"wp:attachment":[{"href":"https:\/\/radiowebmx.com\/nota\/wp-json\/wp\/v2\/media?parent=55414"}],"wp:term":[{"taxonomy":"category","embeddable":true,"href":"https:\/\/radiowebmx.com\/nota\/wp-json\/wp\/v2\/categories?post=55414"},{"taxonomy":"post_tag","embeddable":true,"href":"https:\/\/radiowebmx.com\/nota\/wp-json\/wp\/v2\/tags?post=55414"}],"curies":[{"name":"wp","href":"https:\/\/api.w.org\/{rel}","templated":true}]}}