{"id":55408,"date":"2018-08-02T19:42:53","date_gmt":"2018-08-03T00:42:53","guid":{"rendered":"https:\/\/radiowebmx.com\/nota\/?p=55408"},"modified":"2018-08-02T19:42:53","modified_gmt":"2018-08-03T00:42:53","slug":"ijum-da-a-conocer-a-jovenes-integrantes-del-cabildo-juvenil-2018","status":"publish","type":"post","link":"https:\/\/radiowebmx.com\/nota\/ijum-da-a-conocer-a-jovenes-integrantes-del-cabildo-juvenil-2018\/","title":{"rendered":"IJUM da a conocer a j\u00f3venes integrantes del \u201cCabildo Juvenil 2018\u201d"},"content":{"rendered":"<ul>\n<li>Se eligieron 15 j\u00f3venes que representar\u00e1n los cargos de 12 Regidores, Secretario del Ayuntamiento, S\u00edndico y un Presidente Municipal.<\/li>\n<\/ul>\n<p>&nbsp;<\/p>\n<ul>\n<li>Este primero de agosto el IJUM dio a conocer los resultados de los j\u00f3venes seleccionados por un jurado especializado y ciudadano.<\/li>\n<\/ul>\n<p><a href=\"https:\/\/radiowebmx.com\/nota\/wp-content\/uploads\/2018\/08\/9c1f64f8-3842-4bfe-9f2c-f453ba98b0f2.jpeg\"><img loading=\"lazy\" decoding=\"async\" class=\"alignright size-medium wp-image-55409\" src=\"https:\/\/radiowebmx.com\/nota\/wp-content\/uploads\/2018\/08\/9c1f64f8-3842-4bfe-9f2c-f453ba98b0f2-595x476.jpeg\" alt=\"\" width=\"595\" height=\"476\" srcset=\"https:\/\/radiowebmx.com\/nota\/wp-content\/uploads\/2018\/08\/9c1f64f8-3842-4bfe-9f2c-f453ba98b0f2-595x476.jpeg 595w, https:\/\/radiowebmx.com\/nota\/wp-content\/uploads\/2018\/08\/9c1f64f8-3842-4bfe-9f2c-f453ba98b0f2.jpeg 704w\" sizes=\"auto, (max-width: 595px) 100vw, 595px\" \/><\/a><\/p>\n<div><\/div>\n<div><\/div>\n<div><\/div>\n<div>Morelia, Mich; a 02 de Agosto de 2018<br \/>\nBOLET\u00cdN 1329\/2018<\/div>\n<p>&nbsp;<\/p>\n<div>Con el objetivo de promover la participaci\u00f3n juvenil dentro de las pol\u00edticas p\u00fablicas del Ayuntamiento de Morelia, a trav\u00e9s del Instituto de la Juventud Moreliana (IJUM), la tarde de este mi\u00e9rcoles se dio a conocer la integraci\u00f3n del \u201cCabildo Juvenil 2018\u201d.<\/p>\n<p>Las propuestas recibidas y valoradas por un jurado especializado analizaron trayectoria, logros y propuestas que dieron como resultado la selecci\u00f3n de 15 perfiles destacados que desempe\u00f1ar\u00e1n los cargos de Presidente Municipal, S\u00edndico, Secretario del Ayuntamiento y 12 Regidores.<\/p>\n<p>En este sentido, el titular del IJUM, Juan Pablo Motilla Zarur agradeci\u00f3 la participaci\u00f3n y entusiasmo de los j\u00f3venes por querer contribuir al mejoramiento de la ciudad desde el \u00e1mbito gubernamental a trav\u00e9s de ideas y propuestas innovadoras.<\/p>\n<p>Cabe detallar que este a\u00f1o las categor\u00edas participantes fueron tres: Punto de Acuerdo, Trayectoria y Proyecto de Pol\u00edtica P\u00fablica. \u201cEl objetivo de este proyecto es involucrar a la poblaci\u00f3n juvenil en el ejercicio de la funci\u00f3n p\u00fablica y la toma de decisiones, pues cada uno de los 15 seleccionados tendr\u00e1 un acercamiento detallado al trabajo que realizan los distintos integrantes del Cabildo de Morelia\u201d reiter\u00f3 el titular del IJUM.<\/p>\n<p>Motilla Zarur inform\u00f3 que ser\u00e1n los d\u00edas ocho y nueve de agosto en los cuales comenzar\u00e1 la actividad de los j\u00f3venes dentro de sus correspondientes cargos con la realizaci\u00f3n de una capacitaci\u00f3n y trabajo en Comisiones para posteriormente llevar a cabo la Primera Sesi\u00f3n del Cabildo Juvenil el pr\u00f3ximo 10 de agosto del a\u00f1o en curso.<\/p>\n<p>De esta manera se informa que los ganadores de este a\u00f1o son: Jes\u00fas S\u00e1enz Ceja como Presidente Juvenil; Jos\u00e9 Daniel Ocampo Hern\u00e1ndez como S\u00edndico y Luis Roberto Ayala Ayala como Secretario del Ayuntamiento.<\/p>\n<p>En tanto que los Regidores ser\u00e1n \u00c1ngel Ibarra Jasso; Anal\u00eda Compar\u00e1n Bedolla; Alejandro Ayala Ayala; Magdalena Vargas Garc\u00eda; Iv\u00e1n Torres Santana; Roberto Carlos L\u00f3pez Avil\u00e9s; Jonathan Valpuesta Quesada; Rodolfo Hern\u00e1ndez Nambo; Eder Garc\u00eda Ch\u00e1vez; Nancy Viridiana Herrej\u00f3n Pe\u00f1a; Karla Sarah\u00ed Ar\u00e9valo Herrera y Brenda Toledo Ponce.<\/p>\n<p>Los resultados completos se podr\u00e1n verificar en el portal del Ayuntamiento de Morelia www.morelia.gob.mx y en redes sociales oficiales del IJUM, adem\u00e1s que cada seleccionado fue notificado a trav\u00e9s de su correo electr\u00f3nico que brind\u00f3 en su registro.<\/p><\/div>\n","protected":false},"excerpt":{"rendered":"<p>Se eligieron 15 j\u00f3venes que representar\u00e1n los cargos de 12 Regidores, Secretario del Ayuntamiento, S\u00edndico y un Presidente Municipal. &nbsp; Este primero de agosto el IJUM dio a conocer los resultados de los j\u00f3venes seleccionados por un jurado especializado y ciudadano. Morelia, Mich; a 02 de Agosto de 2018 BOLET\u00cdN 1329\/2018 &nbsp; Con el objetivo [&hellip;]<\/p>\n","protected":false},"author":2,"featured_media":55409,"comment_status":"closed","ping_status":"closed","sticky":false,"template":"","format":"standard","meta":{"footnotes":""},"categories":[9],"tags":[],"class_list":["post-55408","post","type-post","status-publish","format-standard","has-post-thumbnail","hentry","category-morelia"],"_links":{"self":[{"href":"https:\/\/radiowebmx.com\/nota\/wp-json\/wp\/v2\/posts\/55408","targetHints":{"allow":["GET"]}}],"collection":[{"href":"https:\/\/radiowebmx.com\/nota\/wp-json\/wp\/v2\/posts"}],"about":[{"href":"https:\/\/radiowebmx.com\/nota\/wp-json\/wp\/v2\/types\/post"}],"author":[{"embeddable":true,"href":"https:\/\/radiowebmx.com\/nota\/wp-json\/wp\/v2\/users\/2"}],"replies":[{"embeddable":true,"href":"https:\/\/radiowebmx.com\/nota\/wp-json\/wp\/v2\/comments?post=55408"}],"version-history":[{"count":1,"href":"https:\/\/radiowebmx.com\/nota\/wp-json\/wp\/v2\/posts\/55408\/revisions"}],"predecessor-version":[{"id":55410,"href":"https:\/\/radiowebmx.com\/nota\/wp-json\/wp\/v2\/posts\/55408\/revisions\/55410"}],"wp:featuredmedia":[{"embeddable":true,"href":"https:\/\/radiowebmx.com\/nota\/wp-json\/wp\/v2\/media\/55409"}],"wp:attachment":[{"href":"https:\/\/radiowebmx.com\/nota\/wp-json\/wp\/v2\/media?parent=55408"}],"wp:term":[{"taxonomy":"category","embeddable":true,"href":"https:\/\/radiowebmx.com\/nota\/wp-json\/wp\/v2\/categories?post=55408"},{"taxonomy":"post_tag","embeddable":true,"href":"https:\/\/radiowebmx.com\/nota\/wp-json\/wp\/v2\/tags?post=55408"}],"curies":[{"name":"wp","href":"https:\/\/api.w.org\/{rel}","templated":true}]}}