{"id":55404,"date":"2018-08-02T19:41:39","date_gmt":"2018-08-03T00:41:39","guid":{"rendered":"https:\/\/radiowebmx.com\/nota\/?p=55404"},"modified":"2018-08-02T19:41:39","modified_gmt":"2018-08-03T00:41:39","slug":"sonidos-de-mi-laberinto-la-propuesta-argentina-de-este-viernes-en-el-cmmas","status":"publish","type":"post","link":"https:\/\/radiowebmx.com\/nota\/sonidos-de-mi-laberinto-la-propuesta-argentina-de-este-viernes-en-el-cmmas\/","title":{"rendered":"\u201cSonidos de mi laberinto\u201d  la propuesta argentina de este viernes en el CMMAS"},"content":{"rendered":"<ul>\n<li><strong>El concierto estar\u00e1 a cargo del argentino Eleazar Garz\u00f3n, que se presenta en exclusiva en Morelia<\/strong><\/li>\n<\/ul>\n<p><a href=\"https:\/\/radiowebmx.com\/nota\/wp-content\/uploads\/2018\/08\/e5a4da86-fa00-4316-95d5-cb1f24c436e2.jpg\"><img loading=\"lazy\" decoding=\"async\" class=\"alignright size-medium wp-image-55406\" src=\"https:\/\/radiowebmx.com\/nota\/wp-content\/uploads\/2018\/08\/e5a4da86-fa00-4316-95d5-cb1f24c436e2-595x595.jpg\" alt=\"\" width=\"595\" height=\"595\" srcset=\"https:\/\/radiowebmx.com\/nota\/wp-content\/uploads\/2018\/08\/e5a4da86-fa00-4316-95d5-cb1f24c436e2-595x595.jpg 595w, https:\/\/radiowebmx.com\/nota\/wp-content\/uploads\/2018\/08\/e5a4da86-fa00-4316-95d5-cb1f24c436e2-400x400.jpg 400w, https:\/\/radiowebmx.com\/nota\/wp-content\/uploads\/2018\/08\/e5a4da86-fa00-4316-95d5-cb1f24c436e2-120x120.jpg 120w, https:\/\/radiowebmx.com\/nota\/wp-content\/uploads\/2018\/08\/e5a4da86-fa00-4316-95d5-cb1f24c436e2-600x600.jpg 600w, https:\/\/radiowebmx.com\/nota\/wp-content\/uploads\/2018\/08\/e5a4da86-fa00-4316-95d5-cb1f24c436e2.jpg 728w\" sizes=\"auto, (max-width: 595px) 100vw, 595px\" \/><\/a><\/p>\n<p><strong>Morelia, Mich., a 2 de agosto de 2018.-<\/strong>\u00a0El Centro Mexicano para la M\u00fasica y las Artes Sonoras (CMMAS), invita al concierto \u201cSonidos de mi laberinto\u201d\u00a0 a cargo del m\u00fasico y compositor argentino Eleazar Garz\u00f3n. La cita es este viernes 3 de agosto en punto de las 20 horas en el auditorio del Centro, ubicado en la planta alta de la Casa de la Cultura de Morelia. La entrada es gratuita.<\/p>\n<p>\u201cSonidos de mi laberinto\u201d es un recorrido sonoro por diferentes propuestas musicales que abarcan desde el g\u00e9nero acusm\u00e1tico, m\u00fasica mixta (instrumentos &#8211; sonidos digitales) y piezas construidas con extracciones sonoras de diferentes expresiones originarias de Argentina (folklore, tango) y procesadas en un ambiente electroac\u00fastico.<\/p>\n<p>Garz\u00f3n, est\u00e1 en Morelia gracias a un acuerdo con el CMMAS para presentar su propuesta musical e impartir el m\u00f3dulo\u00a0 \u201cIntroducci\u00f3n a la composici\u00f3n con medios electroac\u00fasticos\u201d del Diplomado en Creaci\u00f3n Sonora con Nuevas Tecnolog\u00edas, en el que j\u00f3venes artistas de Michoac\u00e1n, M\u00e9xico y Am\u00e9rica Latina, se capacitan en herramientas concretas relacionadas con la m\u00fasica y las nuevas tecnolog\u00edas.<\/p>\n<p>Eleazar Garz\u00f3n naci\u00f3 en la provincia de C\u00f3rdoba, Argentina. Se gradu\u00f3 como Maestro Superior en Armon\u00eda y Contrapunto en la Escuela de Artes de la Universidad Nacional de C\u00f3rdoba (UNC). Estudi\u00f3 composici\u00f3n estoc\u00e1stica y nuevos algoritmos de composici\u00f3n con el profesor C\u00e9sar Franchisena. En la actualidad es Doctor en Composici\u00f3n y en el campo profesional es Profesor Titular de Composici\u00f3n, as\u00ed como de Contrapunto en la Facultar de Artes de la Universidad Nacional de C\u00f3rdoba.<\/p>\n<p>Es principalmente un compositor ac\u00fastico, su m\u00fasica se ha realizado en Argentina, Chile, M\u00e9xico, Estados Unidos de Am\u00e9rica, Canad\u00e1, Reino Unido, Espa\u00f1a, Francia, Suiza, Alemania, Italia y Singapur.<\/p>\n<p>Los conciertos del CMMAS se llevan a cabo en su auditorio ubicado en la segunda planta de la Casa de la Cultura de Morelia, en Morelos Norte 485 y dan inicio de manera puntual a las 20:00 horas. Todas las obras que se seleccionan est\u00e1n dise\u00f1adas especialmente para el equipo multicanal del CMMAS, por lo que la experiencia del sonido y su movimiento en el espacio son superiores a cualquier otro espacio o auditorio. En todos los casos la entrada a los conciertos es gratuita. La cartelera puede consultarse en\u00a0<a href=\"https:\/\/gob.us12.list-manage.com\/track\/click?u=a4abfaea79b3e35e586fbb060&amp;id=177433b2ef&amp;e=c8f9e95fe9\" target=\"_blank\" rel=\"noopener noreferrer\" data-auth=\"NotApplicable\">www.cmmas.org\/eventos<\/a>.<\/p>\n","protected":false},"excerpt":{"rendered":"<p>El concierto estar\u00e1 a cargo del argentino Eleazar Garz\u00f3n, que se presenta en exclusiva en Morelia Morelia, Mich., a 2 de agosto de 2018.-\u00a0El Centro Mexicano para la M\u00fasica y las Artes Sonoras (CMMAS), invita al concierto \u201cSonidos de mi laberinto\u201d\u00a0 a cargo del m\u00fasico y compositor argentino Eleazar Garz\u00f3n. La cita es este viernes [&hellip;]<\/p>\n","protected":false},"author":2,"featured_media":55406,"comment_status":"closed","ping_status":"closed","sticky":false,"template":"","format":"standard","meta":{"footnotes":""},"categories":[3,60],"tags":[],"class_list":["post-55404","post","type-post","status-publish","format-standard","has-post-thumbnail","hentry","category-gobierno-del-estado-de-michoacan","category-michoacan"],"_links":{"self":[{"href":"https:\/\/radiowebmx.com\/nota\/wp-json\/wp\/v2\/posts\/55404","targetHints":{"allow":["GET"]}}],"collection":[{"href":"https:\/\/radiowebmx.com\/nota\/wp-json\/wp\/v2\/posts"}],"about":[{"href":"https:\/\/radiowebmx.com\/nota\/wp-json\/wp\/v2\/types\/post"}],"author":[{"embeddable":true,"href":"https:\/\/radiowebmx.com\/nota\/wp-json\/wp\/v2\/users\/2"}],"replies":[{"embeddable":true,"href":"https:\/\/radiowebmx.com\/nota\/wp-json\/wp\/v2\/comments?post=55404"}],"version-history":[{"count":1,"href":"https:\/\/radiowebmx.com\/nota\/wp-json\/wp\/v2\/posts\/55404\/revisions"}],"predecessor-version":[{"id":55407,"href":"https:\/\/radiowebmx.com\/nota\/wp-json\/wp\/v2\/posts\/55404\/revisions\/55407"}],"wp:featuredmedia":[{"embeddable":true,"href":"https:\/\/radiowebmx.com\/nota\/wp-json\/wp\/v2\/media\/55406"}],"wp:attachment":[{"href":"https:\/\/radiowebmx.com\/nota\/wp-json\/wp\/v2\/media?parent=55404"}],"wp:term":[{"taxonomy":"category","embeddable":true,"href":"https:\/\/radiowebmx.com\/nota\/wp-json\/wp\/v2\/categories?post=55404"},{"taxonomy":"post_tag","embeddable":true,"href":"https:\/\/radiowebmx.com\/nota\/wp-json\/wp\/v2\/tags?post=55404"}],"curies":[{"name":"wp","href":"https:\/\/api.w.org\/{rel}","templated":true}]}}