{"id":55361,"date":"2018-07-31T21:59:03","date_gmt":"2018-08-01T02:59:03","guid":{"rendered":"https:\/\/radiowebmx.com\/nota\/?p=55361"},"modified":"2018-07-31T21:59:41","modified_gmt":"2018-08-01T02:59:41","slug":"55361-2","status":"publish","type":"post","link":"https:\/\/radiowebmx.com\/nota\/55361-2\/","title":{"rendered":"Con acciones concretas, Gobierno de Alfonso Mart\u00ednez rescat\u00f3 y dio rumbo al Centro Hist\u00f3rico de Morelia"},"content":{"rendered":"<ul>\n<li>El Primer Cuadro de la Ciudad fue dotado de un nuevo rostro para disfrute de morelianos y turistas.<\/li>\n<\/ul>\n<p>&nbsp;<\/p>\n<ul>\n<li>Se llev\u00f3 a cabo la peatonalizaci\u00f3n de calles del primer cuadro, as\u00ed como la renovaci\u00f3n del Encendido de Catedral y la construcci\u00f3n del Centro de Atenci\u00f3n a V\u00edctimas (CAV).<\/li>\n<\/ul>\n<p>&nbsp;<\/p>\n<div>\n<p>Morelia, Mich; a 31 de julio de 2018.- Con la finalidad de consolidar un modelo de ciudad y movilidad incluyente para todos los ciudadanos, el Ayuntamiento de Morelia encabezado por el Alcalde Alfonso Mart\u00ednez Alc\u00e1zar rescat\u00f3 y dio rumbo al Centro Hist\u00f3rico de la ciudad, mediante el proyecto de peatonalizaci\u00f3n de calles y espacios p\u00fablicos.<\/p>\n<p>El Presidente Municipal asegur\u00f3 que con vialidades peatonalizadas como Ignacio Zaragoza, Benito Ju\u00e1rez, Miguel Bernal Jim\u00e9nez, Santiago Tapia, Eduardo Ruiz, Nigromante y Valent\u00edn G\u00f3mez Far\u00edas, se dio un nuevo rostro al primer cuadro de la ciudad, que ahora es m\u00e1s propicia para el disfrute de morelianos y turistas.<\/p>\n<p>En ese sentido, cabe destacar que estas obras de peatonalizaci\u00f3n en el Centro Hist\u00f3rico son ya una realidad que disfrutan miles de morelianos y turistas, pues diariamente son usadas para la recreaci\u00f3n y el desarrollo de actividades culturales, lo cual adem\u00e1s se refleja en las cifras de turismo que en 2017 arrancaron su m\u00e1ximo hist\u00f3rico en 10 a\u00f1os y en 2018 contin\u00faan al alza.<\/p>\n<p>\u201cDevolvimos el Centro a la gente y le dimos un nuevo rumbo a los espacios p\u00fablicos, para que la gente se apropiara de ellos, los camine y los disfrute\u201d, destac\u00f3 el Alcalde Independiente, Alfonso Mart\u00ednez.<\/p>\n<p>Paralelo a ello, en la presente Administraci\u00f3n Independiente se implement\u00f3 el Video Mapping en la Plaza Valladolid como un nuevo atractivo para morelianos y visitantes, as\u00ed como tambi\u00e9n se renov\u00f3 el espect\u00e1culo del Encendido de Catedral, que ya es un referente a nivel nacional de la belleza que Morelia tiene para ofrecer al turismo.<\/p>\n<p>Tambi\u00e9n es de mencionar que el Gobierno de Mart\u00ednez Alc\u00e1zar construy\u00f3 la Comisar\u00eda y el Centro de Atenci\u00f3n a V\u00edctimas (CAV) del Centro Hist\u00f3rico de la ciudad, lo cual permiti\u00f3 el rescate de la zona donde antes se encontraba la Antigua Central de Autobuses, en tanto que actualmente la presencia policial en el \u00e1rea ha permitido contar con mayor seguridad y confianza en el primer cuadro de la ciudad.<\/p>\n<p>Adicionalmente, el Centro Hist\u00f3rico ahora est\u00e1 adornado con esculturas urbanas como la escultura de \u201cPito P\u00e9rez\u201d, que descansa en la antesala de uno de los espacios m\u00e1s representativos de la ciudad: el Teatro Jos\u00e9 Rub\u00e9n Romero. A la par que en la calle Miguel Bernal Jim\u00e9nez, se ubican las esculturas \u201cClave de Sol Descansando\u201d de la artista Mar\u00eda Garfias Garibay y \u201cAbstracciones del Director de Orquesta, Violinista y Violonchelista\u201d, de Ivette Ceja Mart\u00ednez.<\/p>\n<p>Es con esta serie de acciones que el Gobierno Municipal Independiente de Mart\u00ednez Alc\u00e1zar marc\u00f3 un antes y un despu\u00e9s en cuanto a las pol\u00edticas y acciones aplicadas al Centro Hist\u00f3rico de la ciudad, con lo cual se dio un nuevo rumbo que ya se refleja en la apropiaci\u00f3n y disfrute del primer cuadro de Morelia.<\/p>\n<\/div>\n","protected":false},"excerpt":{"rendered":"<p>El Primer Cuadro de la Ciudad fue dotado de un nuevo rostro para disfrute de morelianos y turistas. &nbsp; Se llev\u00f3 a cabo la peatonalizaci\u00f3n de calles del primer cuadro, as\u00ed como la renovaci\u00f3n del Encendido de Catedral y la construcci\u00f3n del Centro de Atenci\u00f3n a V\u00edctimas (CAV). &nbsp; Morelia, Mich; a 31 de julio [&hellip;]<\/p>\n","protected":false},"author":2,"featured_media":55363,"comment_status":"closed","ping_status":"closed","sticky":false,"template":"","format":"standard","meta":{"footnotes":""},"categories":[9],"tags":[],"class_list":["post-55361","post","type-post","status-publish","format-standard","has-post-thumbnail","hentry","category-morelia"],"_links":{"self":[{"href":"https:\/\/radiowebmx.com\/nota\/wp-json\/wp\/v2\/posts\/55361","targetHints":{"allow":["GET"]}}],"collection":[{"href":"https:\/\/radiowebmx.com\/nota\/wp-json\/wp\/v2\/posts"}],"about":[{"href":"https:\/\/radiowebmx.com\/nota\/wp-json\/wp\/v2\/types\/post"}],"author":[{"embeddable":true,"href":"https:\/\/radiowebmx.com\/nota\/wp-json\/wp\/v2\/users\/2"}],"replies":[{"embeddable":true,"href":"https:\/\/radiowebmx.com\/nota\/wp-json\/wp\/v2\/comments?post=55361"}],"version-history":[{"count":2,"href":"https:\/\/radiowebmx.com\/nota\/wp-json\/wp\/v2\/posts\/55361\/revisions"}],"predecessor-version":[{"id":55365,"href":"https:\/\/radiowebmx.com\/nota\/wp-json\/wp\/v2\/posts\/55361\/revisions\/55365"}],"wp:featuredmedia":[{"embeddable":true,"href":"https:\/\/radiowebmx.com\/nota\/wp-json\/wp\/v2\/media\/55363"}],"wp:attachment":[{"href":"https:\/\/radiowebmx.com\/nota\/wp-json\/wp\/v2\/media?parent=55361"}],"wp:term":[{"taxonomy":"category","embeddable":true,"href":"https:\/\/radiowebmx.com\/nota\/wp-json\/wp\/v2\/categories?post=55361"},{"taxonomy":"post_tag","embeddable":true,"href":"https:\/\/radiowebmx.com\/nota\/wp-json\/wp\/v2\/tags?post=55361"}],"curies":[{"name":"wp","href":"https:\/\/api.w.org\/{rel}","templated":true}]}}