{"id":55345,"date":"2018-07-30T20:12:29","date_gmt":"2018-07-31T01:12:29","guid":{"rendered":"https:\/\/radiowebmx.com\/nota\/?p=55345"},"modified":"2018-07-30T20:12:29","modified_gmt":"2018-07-31T01:12:29","slug":"a-fortalecer-lucha-contra-la-trata-de-personas-convoca-angel-cedillo","status":"publish","type":"post","link":"https:\/\/radiowebmx.com\/nota\/a-fortalecer-lucha-contra-la-trata-de-personas-convoca-angel-cedillo\/","title":{"rendered":"A fortalecer lucha contra la trata de personas convoca \u00c1ngel Cedillo"},"content":{"rendered":"<p style=\"font-weight: 400;\"><strong>Morelia; Michoac\u00e1n, 30 de julio de 2018<\/strong>.-\u00a0En el marco del D\u00eda Mundial contra la Trata de Personas, el coordinador del Grupo Parlamentario del PRD en el Congreso del Estado, \u00c1ngel Cedillo Hern\u00e1ndez subray\u00f3 que es necesario que todos los niveles de gobierno y poderes fortalezcan las pol\u00edticas p\u00fablicas encaminadas a combatir este delito.<\/p>\n<p style=\"font-weight: 400;\">El tambi\u00e9n presidente de la Comisi\u00f3n de Justicia en el Congreso del Estado hizo menci\u00f3n que es apremiante que se ahonden los trabajos contra la trata de personas. Adem\u00e1s refiri\u00f3 que en nuestro pa\u00eds, el 99 por ciento de las v\u00edctimas son mujeres y ni\u00f1as.<\/p>\n<p style=\"font-weight: 400;\">En ese contexto enfatiz\u00f3 que es necesario que las pol\u00edticas p\u00fablicas que se instrumentan para combatir este fen\u00f3meno, as\u00ed como la violencia contra las mujeres debe ser reforzada y analizada de manera constante, a fin de garantizar resultados efectivos.<\/p>\n<p style=\"font-weight: 400;\">\u00c1ngel Cedillo reconoci\u00f3 las acciones que en Michoac\u00e1n se realizan para combatir este delito y otros, y el seguimiento a las carpetas de investigaci\u00f3n y tambi\u00e9n la puesta en marcha de campa\u00f1as de concientizaci\u00f3n y prevenci\u00f3n.<\/p>\n<p style=\"font-weight: 400;\">No obstante, este tema es un asunto nacional que requiere de atenci\u00f3n integral, ya que en las fronteras de M\u00e9xico, de norte a sur, ingresan y salen anualmente miles de hombres, mujeres y ni\u00f1os como turistas, visitantes locales o trabajadores temporales.<\/p>\n<p style=\"font-weight: 400;\">La trata de personas se ha incrementado debido a los evidentes obst\u00e1culos econ\u00f3micos internacionales, en especial los pa\u00edses subdesarrollados, lo que genera a situaciones tales como el desempleo, y las limitadas posibilidades de acceso a los servicios, causas por las que las personas toman decisiones equivocadas.<\/p>\n<p style=\"font-weight: 400;\">El diputado\u00a0\u00a0local por el Distrito de Uruapan Norte mencion\u00f3 que es urgente que se elabore, vigorice y promueva de forma permanente el desarrollo de una metodolog\u00eda orientada a la investigaci\u00f3n de estos delitos y, la creaci\u00f3n de pol\u00edticas p\u00fablicas que permitan su abatimiento, a fin de garantizar la seguridad de todas y todos los ciudadanos.<\/p>\n","protected":false},"excerpt":{"rendered":"<p>Morelia; Michoac\u00e1n, 30 de julio de 2018.-\u00a0En el marco del D\u00eda Mundial contra la Trata de Personas, el coordinador del Grupo Parlamentario del PRD en el Congreso del Estado, \u00c1ngel Cedillo Hern\u00e1ndez subray\u00f3 que es necesario que todos los niveles de gobierno y poderes fortalezcan las pol\u00edticas p\u00fablicas encaminadas a combatir este delito. El tambi\u00e9n [&hellip;]<\/p>\n","protected":false},"author":2,"featured_media":55346,"comment_status":"closed","ping_status":"closed","sticky":false,"template":"","format":"standard","meta":{"footnotes":""},"categories":[6],"tags":[],"class_list":["post-55345","post","type-post","status-publish","format-standard","has-post-thumbnail","hentry","category-congreso-del-estado"],"_links":{"self":[{"href":"https:\/\/radiowebmx.com\/nota\/wp-json\/wp\/v2\/posts\/55345","targetHints":{"allow":["GET"]}}],"collection":[{"href":"https:\/\/radiowebmx.com\/nota\/wp-json\/wp\/v2\/posts"}],"about":[{"href":"https:\/\/radiowebmx.com\/nota\/wp-json\/wp\/v2\/types\/post"}],"author":[{"embeddable":true,"href":"https:\/\/radiowebmx.com\/nota\/wp-json\/wp\/v2\/users\/2"}],"replies":[{"embeddable":true,"href":"https:\/\/radiowebmx.com\/nota\/wp-json\/wp\/v2\/comments?post=55345"}],"version-history":[{"count":1,"href":"https:\/\/radiowebmx.com\/nota\/wp-json\/wp\/v2\/posts\/55345\/revisions"}],"predecessor-version":[{"id":55347,"href":"https:\/\/radiowebmx.com\/nota\/wp-json\/wp\/v2\/posts\/55345\/revisions\/55347"}],"wp:featuredmedia":[{"embeddable":true,"href":"https:\/\/radiowebmx.com\/nota\/wp-json\/wp\/v2\/media\/55346"}],"wp:attachment":[{"href":"https:\/\/radiowebmx.com\/nota\/wp-json\/wp\/v2\/media?parent=55345"}],"wp:term":[{"taxonomy":"category","embeddable":true,"href":"https:\/\/radiowebmx.com\/nota\/wp-json\/wp\/v2\/categories?post=55345"},{"taxonomy":"post_tag","embeddable":true,"href":"https:\/\/radiowebmx.com\/nota\/wp-json\/wp\/v2\/tags?post=55345"}],"curies":[{"name":"wp","href":"https:\/\/api.w.org\/{rel}","templated":true}]}}