{"id":55340,"date":"2018-07-30T20:09:33","date_gmt":"2018-07-31T01:09:33","guid":{"rendered":"https:\/\/radiowebmx.com\/nota\/?p=55340"},"modified":"2018-07-30T20:09:33","modified_gmt":"2018-07-31T01:09:33","slug":"ayuntamientos-salientes-obligados-a-entregar-cuentas-claras-roberto-carlos-lopez","status":"publish","type":"post","link":"https:\/\/radiowebmx.com\/nota\/ayuntamientos-salientes-obligados-a-entregar-cuentas-claras-roberto-carlos-lopez\/","title":{"rendered":"Ayuntamientos salientes obligados a entregar cuentas claras: Roberto Carlos L\u00f3pez"},"content":{"rendered":"<p style=\"font-weight: 400;\"><strong>Morelia; Michoac\u00e1n, 30 de julio de 2018<\/strong>.- El cambio de administraci\u00f3n pr\u00f3ximo debe realizarse en plena coordinaci\u00f3n entre las partes, bajo los lineamientos de transparencia, refiri\u00f3 el diputado Roberto Carlos L\u00f3pez, Presidente de la Mesa Directiva del Congreso del Estado, quien destac\u00f3 que la entrega-recepci\u00f3n de cada uno de los 112 municipios y el Concejo Mayor de Cher\u00e1n debe estar en total apego a la ley, para evitar caer en el campo de la opacidad y problemas posteriores.<\/p>\n<p style=\"font-weight: 400;\">Luego de asistir al Tercer Informe de Actividades de la administraci\u00f3n de Alfonso Mart\u00ednez Alc\u00e1zar alcalde de Morelia, ultimo que realizar\u00e1 el mun\u00edcipe, el legislador destac\u00f3 la importancia de realizar una entrega-recepci\u00f3n objetiva, que no genere malas interpretaciones, dudas o vac\u00edos que posteriormente se puedan ver reflejados en la cuenta p\u00fablica.<\/p>\n<p style=\"font-weight: 400;\">Destac\u00f3 que la informaci\u00f3n que herede la administraci\u00f3n saliente ser\u00e1 la que en su momento, presente el nuevo gobierno municipal ante el Congreso local en la Cuenta P\u00fablica del Ejercicio Fiscal 2017, es decir, de los 12 meses que reportan para su fiscalizaci\u00f3n, ocho corresponden a la primera en menci\u00f3n y cuatro del ayuntamiento siguiente.<\/p>\n<p style=\"font-weight: 400;\">Finalmente, refiri\u00f3 que al dejar las cosas claras se evitar\u00e1n problemas con la Auditor\u00eda Superior de Michoac\u00e1n (ASM).<\/p>\n","protected":false},"excerpt":{"rendered":"<p>Morelia; Michoac\u00e1n, 30 de julio de 2018.- El cambio de administraci\u00f3n pr\u00f3ximo debe realizarse en plena coordinaci\u00f3n entre las partes, bajo los lineamientos de transparencia, refiri\u00f3 el diputado Roberto Carlos L\u00f3pez, Presidente de la Mesa Directiva del Congreso del Estado, quien destac\u00f3 que la entrega-recepci\u00f3n de cada uno de los 112 municipios y el Concejo [&hellip;]<\/p>\n","protected":false},"author":2,"featured_media":55341,"comment_status":"closed","ping_status":"closed","sticky":false,"template":"","format":"standard","meta":{"footnotes":""},"categories":[6],"tags":[],"class_list":["post-55340","post","type-post","status-publish","format-standard","has-post-thumbnail","hentry","category-congreso-del-estado"],"_links":{"self":[{"href":"https:\/\/radiowebmx.com\/nota\/wp-json\/wp\/v2\/posts\/55340","targetHints":{"allow":["GET"]}}],"collection":[{"href":"https:\/\/radiowebmx.com\/nota\/wp-json\/wp\/v2\/posts"}],"about":[{"href":"https:\/\/radiowebmx.com\/nota\/wp-json\/wp\/v2\/types\/post"}],"author":[{"embeddable":true,"href":"https:\/\/radiowebmx.com\/nota\/wp-json\/wp\/v2\/users\/2"}],"replies":[{"embeddable":true,"href":"https:\/\/radiowebmx.com\/nota\/wp-json\/wp\/v2\/comments?post=55340"}],"version-history":[{"count":1,"href":"https:\/\/radiowebmx.com\/nota\/wp-json\/wp\/v2\/posts\/55340\/revisions"}],"predecessor-version":[{"id":55343,"href":"https:\/\/radiowebmx.com\/nota\/wp-json\/wp\/v2\/posts\/55340\/revisions\/55343"}],"wp:featuredmedia":[{"embeddable":true,"href":"https:\/\/radiowebmx.com\/nota\/wp-json\/wp\/v2\/media\/55341"}],"wp:attachment":[{"href":"https:\/\/radiowebmx.com\/nota\/wp-json\/wp\/v2\/media?parent=55340"}],"wp:term":[{"taxonomy":"category","embeddable":true,"href":"https:\/\/radiowebmx.com\/nota\/wp-json\/wp\/v2\/categories?post=55340"},{"taxonomy":"post_tag","embeddable":true,"href":"https:\/\/radiowebmx.com\/nota\/wp-json\/wp\/v2\/tags?post=55340"}],"curies":[{"name":"wp","href":"https:\/\/api.w.org\/{rel}","templated":true}]}}