{"id":55324,"date":"2018-07-30T13:45:40","date_gmt":"2018-07-30T18:45:40","guid":{"rendered":"https:\/\/radiowebmx.com\/nota\/?p=55324"},"modified":"2018-07-30T13:45:54","modified_gmt":"2018-07-30T18:45:54","slug":"angel-cedillo-convoca-a-la-poblacion-a-extremar-precauciones-por-altas-temperaturas","status":"publish","type":"post","link":"https:\/\/radiowebmx.com\/nota\/angel-cedillo-convoca-a-la-poblacion-a-extremar-precauciones-por-altas-temperaturas\/","title":{"rendered":"\u00c1ngel Cedillo convoca a la poblaci\u00f3n a extremar precauciones por altas temperaturas"},"content":{"rendered":"<p><a href=\"https:\/\/radiowebmx.com\/nota\/wp-content\/uploads\/2018\/07\/Comunicado-646.jpg\"><img loading=\"lazy\" decoding=\"async\" class=\"size-medium wp-image-55327 alignnone\" src=\"https:\/\/radiowebmx.com\/nota\/wp-content\/uploads\/2018\/07\/Comunicado-646-595x446.jpg\" alt=\"\" width=\"595\" height=\"446\" srcset=\"https:\/\/radiowebmx.com\/nota\/wp-content\/uploads\/2018\/07\/Comunicado-646-595x446.jpg 595w, https:\/\/radiowebmx.com\/nota\/wp-content\/uploads\/2018\/07\/Comunicado-646-768x576.jpg 768w, https:\/\/radiowebmx.com\/nota\/wp-content\/uploads\/2018\/07\/Comunicado-646.jpg 960w\" sizes=\"auto, (max-width: 595px) 100vw, 595px\" \/><\/a><\/p>\n<p>&nbsp;<\/p>\n<p style=\"font-weight: 400;\"><strong>Morelia; Michoac\u00e1n, 29 de julio de 2018<\/strong>.-\u00a0Ante las altas temperaturas que se registran en el pa\u00eds y en distintas regiones de Michoac\u00e1n, el coordinador del Grupo Parlamentario del PRD en la\u00a0\u00a0LXXIII Legislatura local, \u00c1ngel Cedillo Hern\u00e1ndez recomend\u00f3 a la poblaci\u00f3n atender las recomendaciones de las autoridades para evitar afectaciones a la salud y tambi\u00e9n para prevenir incendios forestales.<\/p>\n<p style=\"font-weight: 400;\">Coincidi\u00f3 con las autoridades en que es necesario redoblar esfuerzos, con la finalidad de evitar que las altas temperaturas pueden generar repercusiones en la poblaci\u00f3n, como lo es la insolaci\u00f3n y deshidrataci\u00f3n.<\/p>\n<p style=\"font-weight: 400;\">Durante una reuni\u00f3n con habitantes de su regi\u00f3n, el diputado local por el Distrito de Uruapan Norte, puso a disposici\u00f3n de los ciudadanos los servicios m\u00e9dicos que tradicionalmente se brindan en su casa de enlace \u00c1ngel.<\/p>\n<p style=\"font-weight: 400;\">Ah\u00ed se orient\u00f3 a la poblaci\u00f3n sobre que estar expuesto por varias horas a altas temperaturas puede provocar un golpe de calor, por ello la importancia de hidratarse, aunado a que deben de usar bloqueadores solares, as\u00ed como usar gorra o sombrero al salir a la calle y evitar el sol por periodos prolongados.<\/p>\n<p style=\"font-weight: 400;\">De la misma forma, se habl\u00f3 en la reuni\u00f3n sobre los servicios que se brinda en su casa de enlace, adem\u00e1s se dio un taller sobre la prevenci\u00f3n de incendios forestales, la cual se resalt\u00f3 es responsabilidad de todos, desde autoridades federales, estatales y municipales, hasta la sociedad en su conjunto.<\/p>\n<p style=\"font-weight: 400;\">El tambi\u00e9n coordinador del Grupo Parlamentario del PRD en el Congreso del Estado record\u00f3 que el a\u00f1o anterior se report\u00f3 que durante la temporada de estiaje se presentaron 797 incendios forestales que afectaron 14 mil 538 hect\u00e1reas, de las que el 15 por ciento correspondieron a arbolado adulto y renuevo, ubicando al Estado a nivel nacional en el d\u00e9cimo lugar en superficie afectada.<\/p>\n<p style=\"font-weight: 400;\">Si bien las autoridades estatales realizan diversas acciones preventivas como campa\u00f1as, mencion\u00f3 que es necesaria una mayor participaci\u00f3n de la sociedad en materia de prevenci\u00f3n y vigilancia.<\/p>\n<p style=\"font-weight: 400;\">\u201cExisten acciones sencillas que todos y cada uno de nosotros podemos realizar para evitar los siniestros como el no arrojar cerillos o cigarros encendidos en la carretera, predios y menos en medio del bosque\u201d.<\/p>\n<p style=\"font-weight: 400;\">Otras medidas preventivas enlistadas por el diputado local por el Distrito de Uruapan Norte con las que los ciudadanos pueden poner su granito de arena, son no tirar basura en carretas, zonas boscosas o matorrales, particularmente botellas o vidrios ya que \u00e9stos pueden iniciar el fuego creando un efecto lupa con los rayos del sol.<\/p>\n<p style=\"font-weight: 400;\">Adem\u00e1s preferiblemente no se deben realizar fogatas en zonas boscosas, ya que pese a las precauciones que se puedan tomar, una flama puede generar un siniestro considerable.<\/p>\n","protected":false},"excerpt":{"rendered":"<p>&nbsp; Morelia; Michoac\u00e1n, 29 de julio de 2018.-\u00a0Ante las altas temperaturas que se registran en el pa\u00eds y en distintas regiones de Michoac\u00e1n, el coordinador del Grupo Parlamentario del PRD en la\u00a0\u00a0LXXIII Legislatura local, \u00c1ngel Cedillo Hern\u00e1ndez recomend\u00f3 a la poblaci\u00f3n atender las recomendaciones de las autoridades para evitar afectaciones a la salud y tambi\u00e9n [&hellip;]<\/p>\n","protected":false},"author":2,"featured_media":55327,"comment_status":"closed","ping_status":"closed","sticky":false,"template":"","format":"standard","meta":{"footnotes":""},"categories":[6,14],"tags":[],"class_list":["post-55324","post","type-post","status-publish","format-standard","has-post-thumbnail","hentry","category-congreso-del-estado","category-destacadas"],"_links":{"self":[{"href":"https:\/\/radiowebmx.com\/nota\/wp-json\/wp\/v2\/posts\/55324","targetHints":{"allow":["GET"]}}],"collection":[{"href":"https:\/\/radiowebmx.com\/nota\/wp-json\/wp\/v2\/posts"}],"about":[{"href":"https:\/\/radiowebmx.com\/nota\/wp-json\/wp\/v2\/types\/post"}],"author":[{"embeddable":true,"href":"https:\/\/radiowebmx.com\/nota\/wp-json\/wp\/v2\/users\/2"}],"replies":[{"embeddable":true,"href":"https:\/\/radiowebmx.com\/nota\/wp-json\/wp\/v2\/comments?post=55324"}],"version-history":[{"count":1,"href":"https:\/\/radiowebmx.com\/nota\/wp-json\/wp\/v2\/posts\/55324\/revisions"}],"predecessor-version":[{"id":55328,"href":"https:\/\/radiowebmx.com\/nota\/wp-json\/wp\/v2\/posts\/55324\/revisions\/55328"}],"wp:featuredmedia":[{"embeddable":true,"href":"https:\/\/radiowebmx.com\/nota\/wp-json\/wp\/v2\/media\/55327"}],"wp:attachment":[{"href":"https:\/\/radiowebmx.com\/nota\/wp-json\/wp\/v2\/media?parent=55324"}],"wp:term":[{"taxonomy":"category","embeddable":true,"href":"https:\/\/radiowebmx.com\/nota\/wp-json\/wp\/v2\/categories?post=55324"},{"taxonomy":"post_tag","embeddable":true,"href":"https:\/\/radiowebmx.com\/nota\/wp-json\/wp\/v2\/tags?post=55324"}],"curies":[{"name":"wp","href":"https:\/\/api.w.org\/{rel}","templated":true}]}}