{"id":55319,"date":"2018-07-30T13:41:10","date_gmt":"2018-07-30T18:41:10","guid":{"rendered":"https:\/\/radiowebmx.com\/nota\/?p=55319"},"modified":"2018-07-30T13:41:10","modified_gmt":"2018-07-30T18:41:10","slug":"fortalecer-una-politica-cultural-para-combatir-violencia-manuel-lopez-melendez","status":"publish","type":"post","link":"https:\/\/radiowebmx.com\/nota\/fortalecer-una-politica-cultural-para-combatir-violencia-manuel-lopez-melendez\/","title":{"rendered":"Fortalecer una pol\u00edtica cultural para combatir violencia: Manuel L\u00f3pez Mel\u00e9ndez"},"content":{"rendered":"<p><a href=\"https:\/\/radiowebmx.com\/nota\/wp-content\/uploads\/2018\/07\/COMUNICADO-645.jpg\"><img loading=\"lazy\" decoding=\"async\" class=\"size-medium wp-image-55320 alignnone\" src=\"https:\/\/radiowebmx.com\/nota\/wp-content\/uploads\/2018\/07\/COMUNICADO-645-595x397.jpg\" alt=\"\" width=\"595\" height=\"397\" srcset=\"https:\/\/radiowebmx.com\/nota\/wp-content\/uploads\/2018\/07\/COMUNICADO-645-595x397.jpg 595w, https:\/\/radiowebmx.com\/nota\/wp-content\/uploads\/2018\/07\/COMUNICADO-645-768x512.jpg 768w, https:\/\/radiowebmx.com\/nota\/wp-content\/uploads\/2018\/07\/COMUNICADO-645-960x640.jpg 960w, https:\/\/radiowebmx.com\/nota\/wp-content\/uploads\/2018\/07\/COMUNICADO-645-272x182.jpg 272w, https:\/\/radiowebmx.com\/nota\/wp-content\/uploads\/2018\/07\/COMUNICADO-645.jpg 1920w\" sizes=\"auto, (max-width: 595px) 100vw, 595px\" \/><\/a><\/p>\n<p>&nbsp;<\/p>\n<p class=\"m_6992578675938007410gmail-m9210726393179847808gmail-msonospacing\"><span lang=\"ES\">El cristalizar una pol\u00edtica cultural fortalecida en M\u00e9xico debe ser una prioridad ya que \u00e9sta tiene efectos directos para la soluci\u00f3n de otros problemas que aquejan al pa\u00eds como lo es la violencia, subray\u00f3 el diputado local integrante de la Comisi\u00f3n de Desarrollo Social en el Congreso del Estado, Manuel L\u00f3pez Mel\u00e9ndez, quien consider\u00f3 que ante los hechos de violencia que se han registrado, es necesario que no se baje la guardia en las acciones que contribuyan a garantizar la seguridad, as\u00ed como la prevenci\u00f3n.<\/span><\/p>\n<p class=\"m_6992578675938007410gmail-m9210726393179847808gmail-msonospacing\"><span lang=\"ES\">\u00a0<\/span><\/p>\n<p class=\"m_6992578675938007410gmail-m9210726393179847808gmail-msonospacing\"><span lang=\"ES\">Resalt\u00f3 la necesidad de que se redoblen esfuerzos encaminados a generar condiciones de paz y tranquilidad en Michoac\u00e1n y en el pa\u00eds, adem\u00e1s de llamar a que todo caso de violencia se investigue a fondo para que se castigue a los responsables.<\/span><\/p>\n<p class=\"m_6992578675938007410gmail-m9210726393179847808gmail-msonospacing\"><span lang=\"ES\">\u00a0<\/span><\/p>\n<p class=\"m_6992578675938007410gmail-m9210726393179847808gmail-msonospacing\"><span lang=\"ES\">La seguridad p\u00fablica, consider\u00f3, es una responsabilidad de todos, por lo que la denuncia ciudadana es de suma importancia, as\u00ed como la coordinaci\u00f3n de los distintos niveles de gobierno a fin de generar condiciones de seguridad a los ciudadanos.<\/span><\/p>\n<p class=\"m_6992578675938007410gmail-m9210726393179847808gmail-msonospacing\"><span lang=\"ES\">\u00a0<\/span><\/p>\n<p class=\"m_6992578675938007410gmail-m9210726393179847808gmail-msonospacing\"><span lang=\"ES\">El diputado integrante del Grupo Parlamentario del PRD en la LXXIII Legislatura local refiri\u00f3 que la articulaci\u00f3n de acciones culturales con un enfoque transversal, incide en la mirada de cada mexicano sobre su entorno, sobre la forma de asumir la relaci\u00f3n con su entorno y comunidad, en suma, con la manera de concebir la vida y si se apuesta a este rubro, se abona a atacar diversos problemas como lo es la inseguridad.<\/span><\/p>\n<p class=\"m_6992578675938007410gmail-m9210726393179847808gmail-msonospacing\"><span lang=\"ES\">\u00a0<\/span><\/p>\n<p class=\"m_6992578675938007410gmail-m9210726393179847808gmail-msonospacing\"><span lang=\"ES\">Manuel L\u00f3pez Mel\u00e9ndez que la cultura es pieza clave del desarrollo social, de manera que las pol\u00edticas culturales contribuyan entre otros aspectos a generar estabilidad, y tambi\u00e9n en el prevenir y combatir la violencia.<\/span><\/p>\n<p class=\"m_6992578675938007410gmail-m9210726393179847808gmail-msonospacing\"><span lang=\"ES\">\u00a0<\/span><\/p>\n<p class=\"m_6992578675938007410gmail-m9210726393179847808gmail-msonospacing\"><span lang=\"ES\">El diputado local destac\u00f3 la importancia de una participaci\u00f3n activa de los ayuntamientos en este tema, ya que son \u00e9stos la autoridad m\u00e1s cercanas a la ciudadan\u00eda, por lo que deben contar con la capacidad de gesti\u00f3n necesaria para aplicar pol\u00edticas p\u00fablicas alineadas al impulso creativo e innovador proveniente de la cultura, rubro que se debe fortalecer para combatir tambi\u00e9n la causas que generar inseguridad.<\/span><\/p>\n","protected":false},"excerpt":{"rendered":"<p>&nbsp; El cristalizar una pol\u00edtica cultural fortalecida en M\u00e9xico debe ser una prioridad ya que \u00e9sta tiene efectos directos para la soluci\u00f3n de otros problemas que aquejan al pa\u00eds como lo es la violencia, subray\u00f3 el diputado local integrante de la Comisi\u00f3n de Desarrollo Social en el Congreso del Estado, Manuel L\u00f3pez Mel\u00e9ndez, quien consider\u00f3 [&hellip;]<\/p>\n","protected":false},"author":2,"featured_media":55320,"comment_status":"closed","ping_status":"closed","sticky":false,"template":"","format":"standard","meta":{"footnotes":""},"categories":[6,14],"tags":[],"class_list":["post-55319","post","type-post","status-publish","format-standard","has-post-thumbnail","hentry","category-congreso-del-estado","category-destacadas"],"_links":{"self":[{"href":"https:\/\/radiowebmx.com\/nota\/wp-json\/wp\/v2\/posts\/55319","targetHints":{"allow":["GET"]}}],"collection":[{"href":"https:\/\/radiowebmx.com\/nota\/wp-json\/wp\/v2\/posts"}],"about":[{"href":"https:\/\/radiowebmx.com\/nota\/wp-json\/wp\/v2\/types\/post"}],"author":[{"embeddable":true,"href":"https:\/\/radiowebmx.com\/nota\/wp-json\/wp\/v2\/users\/2"}],"replies":[{"embeddable":true,"href":"https:\/\/radiowebmx.com\/nota\/wp-json\/wp\/v2\/comments?post=55319"}],"version-history":[{"count":1,"href":"https:\/\/radiowebmx.com\/nota\/wp-json\/wp\/v2\/posts\/55319\/revisions"}],"predecessor-version":[{"id":55322,"href":"https:\/\/radiowebmx.com\/nota\/wp-json\/wp\/v2\/posts\/55319\/revisions\/55322"}],"wp:featuredmedia":[{"embeddable":true,"href":"https:\/\/radiowebmx.com\/nota\/wp-json\/wp\/v2\/media\/55320"}],"wp:attachment":[{"href":"https:\/\/radiowebmx.com\/nota\/wp-json\/wp\/v2\/media?parent=55319"}],"wp:term":[{"taxonomy":"category","embeddable":true,"href":"https:\/\/radiowebmx.com\/nota\/wp-json\/wp\/v2\/categories?post=55319"},{"taxonomy":"post_tag","embeddable":true,"href":"https:\/\/radiowebmx.com\/nota\/wp-json\/wp\/v2\/tags?post=55319"}],"curies":[{"name":"wp","href":"https:\/\/api.w.org\/{rel}","templated":true}]}}