{"id":553,"date":"2012-12-12T12:49:48","date_gmt":"2012-12-12T18:49:48","guid":{"rendered":"https:\/\/radiowebmx.com\/nota\/?p=553"},"modified":"2012-12-12T12:49:48","modified_gmt":"2012-12-12T18:49:48","slug":"hace-unos-anos-cuando-trabajaba-para-un-diario-de-circulacion-estatal-fui-enviado-a-cubrir-un-evento-al-municipio-de-alvaro-obregon-pues-se-definia-el-tema-de-la-planta-tratadora-de-aguas-de-morelia","status":"publish","type":"post","link":"https:\/\/radiowebmx.com\/nota\/hace-unos-anos-cuando-trabajaba-para-un-diario-de-circulacion-estatal-fui-enviado-a-cubrir-un-evento-al-municipio-de-alvaro-obregon-pues-se-definia-el-tema-de-la-planta-tratadora-de-aguas-de-morelia\/","title":{"rendered":"Hace unos a\u00f1os, cuando trabajaba para un diario de circulaci\u00f3n estatal fui enviado a cubrir un evento al municipio de \u00c1lvaro Obreg\u00f3n, pues se defin\u00eda el tema de la planta tratadora de aguas de Morelia y la regi\u00f3n, el alcalde anunci\u00f3 que la planta llevar\u00eda el nombre de L\u00e1zaro C\u00e1rdenas Batel. \tLlegando a la redacci\u00f3n se arm\u00f3 la c\u00e1mara h\u00fangara, la jefa de informaci\u00f3n llamaba a sus amistades d\u00e1ndoles el pitazo, que si era un traidor, un empinado por sugerir ponerle ese nombre. Mi nota fue alterada con mi firma y s\u00ed, el que menos se\u00f1al\u00f3 al ahora gobernador de desleal a la causa. \tCuando Fernando Orozco, regidor perredista fij\u00f3 su postura ante el Pleno del Cabildo capitalino, no se hizo esperar la reacci\u00f3n virulenta de una prensa tendenciosa que lo calific\u00f3 de lambisc\u00f3n y dem\u00e1s lisuras, y est\u00e1 bien, al final de cuentas este rollo es de percepciones. \tEl Nariz\u00f3n no es un ente pol\u00edtico, es un dirigente transportista que brinc\u00f3 a la palestra a trav\u00e9s de un partido pol\u00edtico y ahora se desenvuelve con m\u00e1s instinto que con forma y no lo hace la, pues en sus gesti\u00f3n ha ayudado a mucha gente, entonces, \u00bfpor qu\u00e9 no brindar el beneficio de la duda? \tGran revuelo caus\u00f3 en redes sociales, caf\u00e9s y centros de reuni\u00f3n la noticia de que el gobierno michoacano donaba a la fundaci\u00f3n TELET\u00d3N  27 millones de pesos, pues, sabiendo las carencias que hay en Michoac\u00e1n se interpret\u00f3 como algo fr\u00edvolo y ofensivo, pues las carencias son muchas. \tY los contrastes no se pierden al contrario, sobresalen en un clima enrarecido por la crisis econ\u00f3mica y la galopante inseguridad que azota a todo Michoac\u00e1n, aunque tambi\u00e9n se cuestiona el origen de los m\u00e1s \u00e1cidos cuestionamientos. \tUno de ellos, de un empleado que el a\u00f1o pasado cobraba en la n\u00f3mina de la secretar\u00eda de gobierno, sufri\u00f3 un percance y desde entonces ha sido cobijado por el manto del sol azteca, aunque las dudas persisten, pues en calidad de qu\u00e9 trabajaba en la campa\u00f1a del candidato amarillo, como empleado de fuera o como funcionario, en el \u00faltimo de los casos se hace objeto de responsabilidad. \tUna cena de negros lo que llamaron concejo pol\u00edtico estatal perredista, para no variar se confirma la regla: nada m\u00e1s los buitres se pelean por los cad\u00e1veres. Pues poco aporta la actitud de los \u201cl\u00edderes\u201d de las corrientes o tribus, que a fuerza de gritos y sombrerazos pretenden ganar los espacios que no merecen. \tPor cierto, los deslindes del MORENA no acaban por convencer a nadie, uno de los absolutos y recalcitrantes merolicos en Morelia, entonces perredista y ahora morenista, el tal Alfredo Ram\u00edrez Bedollita, amaga con hacer y decir porque la mosca vuela y su flamante \u201cl\u00edder\u201d estatal no dice ni p\u00edo. \tPara dar risa, presentar a un tal Miguel \u00c1ngel Sandoval como dirigente estatal del MORENA es para morirse de risa, lo m\u00e1s rupestre y anodino del PRD ahora dirige al ap\u00e9ndice lopezobradorista, por lo visto la caballada adem\u00e1s de flaca, est\u00e1 mensa. \tLa semana que reci\u00e9n termin\u00f3 se marc\u00f3 por la iniciativa enviada por el titular del Eejecutivo estatal tendiente a reformar el art\u00edculo 53 de la Constituci\u00f3n local se antoja m\u00e1s un seguro de vida que una estratagema, pues garantiza la prelatura en caso de la ausencia total del gobernador en turno. \tLa modificaci\u00f3n del 2007 le daba al secretario de Administraci\u00f3n y Finanzas la posibilidad de ser gobernador interino, ahora no, se busca que sea el secretario general de Gobierno quien ocupe el cargo, aunque el tema ser\u00e1 si la bancada priista resiste el embate. \tA golpe de boletines de prensa Laura Gonz\u00e1lez busca ser la pr\u00f3xima coordinadora de los diputados locales panistas, esa cuyo marido, primo de los Calder\u00f3n y que se desenvolviera como secretario particular busca arrebatar por la fuerza lo que no es capaz su otra prima, la Cocoa, de convencer. Mal y de malas le pinta el fin de a\u00f1o a los panuchitos. \tIgual de sonsorrones andan los regidores panistas en la cpital, que acusan, sin pruebas claro, que el PRI favorece a ciertos grupos sociales con tarifas preferenciales en el OOAPAS, aunque poco o nada dicen de los millonarios cobros que sus correligionarios habr\u00e1 de cobrar los pr\u00f3ximos 6 meses y sin trabajar.  \tCero nombramientos de michoacanos en el gabinete de Enrique Pe\u00f1a Nieto, muchos que a la fecha desayunen, comen y cenan anunciando que les viene un golpe de suerte, no saben c\u00f3mo justificar el vac\u00edo que hay de nuestro coterr\u00e1neos en el equipo del mexiquense. \tUno de esos que se siente despachando en alguna subsecretar\u00eda es el ex gobernador V\u00edctor Manuel Tinoco Rub\u00ed, quien por poco nos convence de que tendr\u00eda chamba de primer nivel, y as\u00ed por el estilo, hartos suspirantes morbosos que se sue\u00f1an incluso delegados."},"content":{"rendered":"<p>La secretaria de Educaci\u00f3n en Michoac\u00e1n, Teresa Herrera Guido, inaugur\u00f3 el XIV Congreso Pedag\u00f3gico Estatal de Educaci\u00f3n Ind\u00edgena para el Dise\u00f1o Curricular de Educaci\u00f3n Ind\u00edgena, en donde destac\u00f3 que el gobierno estatal le apuesta a la interculturalidad dentro del Plan Maestro de Educaci\u00f3n, Innovaci\u00f3n e Investigaci\u00f3n, porque la \u00fanica forma de crecer en nuestra cultura es verse en los ojos de otros.<\/p>\n<p>A este evento y ante la presencia de 160 trabajadores y representantes de las escuelas de esta modalidad educativa que comprende las cuatro etnias de \u00a0Michoac\u00e1n (Mazahua, N\u00e1huatl, Otom\u00ed y Pur\u00e9pecha), tras parafrasear a Juan Villoro, la titular de la pol\u00edtica educativa, acompa\u00f1ada de autoridades como el director general de Educaci\u00f3n Ind\u00edgena, Ram\u00f3n Rosas Rangel, dijo que este Congreso Pedag\u00f3gico Estatal permitir\u00e1 que por medio de la discusi\u00f3n se construya una nueva curr\u00edcula, \u201ccon una visi\u00f3n que nos permitir\u00e1 interpretarnos \u00a0como mestizos e ind\u00edgenas en cada regi\u00f3n de nuestro estado\u201d.<\/p>\n<p>La funcionaria convoc\u00f3 al pueblo ind\u00edgena y al mestizo a presumir nuestra cultura\u00a0 pero tambi\u00e9n a no \u201cencerrarnos en ella, sino que nos permita dialogar con otros\u201d, enfatiz\u00f3.<\/p>\n<p>Por su parte, Ram\u00f3n Rosas Rangel, director General de Educaci\u00f3n Ind\u00edgena, mencion\u00f3 que el dise\u00f1o curricular permitir\u00e1 cumplir con una educaci\u00f3n de calidad y con el compromiso de las 180 comunidades ind\u00edgenas de 26 municipios del estado.<\/p>\n<p>El prop\u00f3sito del Congreso es avanzar en el dise\u00f1o curricular de la educaci\u00f3n ind\u00edgena en Michoac\u00e1n con la participaci\u00f3n de los docentes y directivos en servicio, a partir de la ense\u00f1anza de los conocimientos y saberes ind\u00edgenas, en el marco de la educaci\u00f3n integral, para contribuir al fortalecimiento del Proyecto de Educaci\u00f3n Ind\u00edgena 2012-2015.<\/p>\n<p>Durante los tres d\u00edas de actividades que concluir\u00e1n el jueves pr\u00f3ximo, se presentar\u00e1n conferencias sobre el sustento te\u00f3rico pedag\u00f3gico para el Dise\u00f1o Curricular y presentaci\u00f3n de ensayos.<\/p>\n<p>&nbsp;<\/p>\n<p>Cabe recordar que la Direcci\u00f3n de Educaci\u00f3n Ind\u00edgena atiende a un promedio de 52 mil estudiantes por m\u00e1s de 3 mil 200 profesores en los siguientes niveles: inicial, preescolar y primaria.<\/p>\n","protected":false},"excerpt":{"rendered":"<p>La secretaria de Educaci\u00f3n en Michoac\u00e1n, Teresa Herrera Guido, inaugur\u00f3 el XIV Congreso Pedag\u00f3gico Estatal de Educaci\u00f3n Ind\u00edgena para el Dise\u00f1o Curricular de Educaci\u00f3n Ind\u00edgena, en donde destac\u00f3 que el gobierno estatal le apuesta a la interculturalidad dentro del Plan Maestro de Educaci\u00f3n, Innovaci\u00f3n e Investigaci\u00f3n, porque la \u00fanica forma de crecer en nuestra cultura [&hellip;]<\/p>\n","protected":false},"author":1,"featured_media":0,"comment_status":"open","ping_status":"open","sticky":false,"template":"","format":"standard","meta":{"footnotes":""},"categories":[3],"tags":[],"class_list":["post-553","post","type-post","status-publish","format-standard","hentry","category-gobierno-del-estado-de-michoacan"],"_links":{"self":[{"href":"https:\/\/radiowebmx.com\/nota\/wp-json\/wp\/v2\/posts\/553","targetHints":{"allow":["GET"]}}],"collection":[{"href":"https:\/\/radiowebmx.com\/nota\/wp-json\/wp\/v2\/posts"}],"about":[{"href":"https:\/\/radiowebmx.com\/nota\/wp-json\/wp\/v2\/types\/post"}],"author":[{"embeddable":true,"href":"https:\/\/radiowebmx.com\/nota\/wp-json\/wp\/v2\/users\/1"}],"replies":[{"embeddable":true,"href":"https:\/\/radiowebmx.com\/nota\/wp-json\/wp\/v2\/comments?post=553"}],"version-history":[{"count":1,"href":"https:\/\/radiowebmx.com\/nota\/wp-json\/wp\/v2\/posts\/553\/revisions"}],"predecessor-version":[{"id":554,"href":"https:\/\/radiowebmx.com\/nota\/wp-json\/wp\/v2\/posts\/553\/revisions\/554"}],"wp:attachment":[{"href":"https:\/\/radiowebmx.com\/nota\/wp-json\/wp\/v2\/media?parent=553"}],"wp:term":[{"taxonomy":"category","embeddable":true,"href":"https:\/\/radiowebmx.com\/nota\/wp-json\/wp\/v2\/categories?post=553"},{"taxonomy":"post_tag","embeddable":true,"href":"https:\/\/radiowebmx.com\/nota\/wp-json\/wp\/v2\/tags?post=553"}],"curies":[{"name":"wp","href":"https:\/\/api.w.org\/{rel}","templated":true}]}}