{"id":55291,"date":"2018-07-28T10:58:54","date_gmt":"2018-07-28T15:58:54","guid":{"rendered":"https:\/\/radiowebmx.com\/nota\/?p=55291"},"modified":"2018-07-28T10:58:54","modified_gmt":"2018-07-28T15:58:54","slug":"supervisa-gobernador-obras-en-el-cder-de-morelia","status":"publish","type":"post","link":"https:\/\/radiowebmx.com\/nota\/supervisa-gobernador-obras-en-el-cder-de-morelia\/","title":{"rendered":"Supervisa Gobernador obras en el CDER de Morelia"},"content":{"rendered":"<ul>\n<li>Ratifica el compromiso del Gobierno del Estado por mejorar las condiciones de las unidades y espacios deportivos.<\/li>\n<\/ul>\n<p>&nbsp;<\/p>\n<ul>\n<li>Se invierten 66 mdp en la remodelaci\u00f3n de las siete \u00e1reas del Centro Deportivo Ej\u00e9rcito de la Revoluci\u00f3n.<\/li>\n<\/ul>\n<p>&nbsp;<\/p>\n<p><strong>Morelia, Michoac\u00e1n.-<\/strong>\u00a0El Gobernador Constitucional, Silvano Aureoles Conejo, realiz\u00f3 un recorrido de supervisi\u00f3n de las obras de modernizaci\u00f3n en las diferentes \u00e1reas del Centro Deportivo Ej\u00e9rcito de la Revoluci\u00f3n (CDER).<\/p>\n<p>&nbsp;<\/p>\n<p>El Gobernador de Michoac\u00e1n mostr\u00f3 su satisfacci\u00f3n por las obras realizadas, ya que ayudar\u00e1n a que la ciudadan\u00eda aproveche de mejor manera los espacios y practique los distintos de los deportes de forma segura.<\/p>\n<p>&nbsp;<\/p>\n<p>En compa\u00f1\u00eda de la directora de la Comisi\u00f3n Estatal de Cultura F\u00edsica y Deporte, Jessica Moreno Carrillo, el mandatario Silvano Aureoles reiter\u00f3 el compromiso de la administraci\u00f3n que encabeza para que las michoacanas y michoacanos cuenten con unidades y espacios deportivos en mejores condiciones.<\/p>\n<p>&nbsp;<\/p>\n<p>Siete de las diez remodelaciones se encuentran concluidas y la inversi\u00f3n total fue de 66 millones de pesos, de los cuales 50 millones de pesos se gestionaron ante la Comisi\u00f3n Nacional de Cultura F\u00edsica y Deporte, y 16 millones de pesos los aport\u00f3 el Gobierno del Estado; inform\u00f3 el secretario de Comunicaciones y Obras P\u00fablicas, Jos\u00e9 Juan Dom\u00ednguez L\u00f3pez.<\/p>\n<p>&nbsp;<\/p>\n<p>Los trabajos consistieron en la reconstrucci\u00f3n y techado de dos canchas de voleibol, donde se cubrieron mil 200 metros cuadrado, m\u00e1s nueve metros de altura de alumbrado.<\/p>\n<p>&nbsp;<\/p>\n<p>La segunda intervenci\u00f3n fue en las canchas de tenis, donde se mejor\u00f3 la superficie de juego desde su estructura, as\u00ed como un techo de 2 mil 634 metros cuadrados, nueve metros de altura en las canchas laterales y 14 metros de altura en la cancha central.<\/p>\n<p>&nbsp;<\/p>\n<p>La tercera fase a realizar fue la construcci\u00f3n de una techumbre sobre las dos canchas de front\u00f3n; la cuarta fue el mejoramiento de la duela y la colocaci\u00f3n de vidrio templado en las canchas de squash.<\/p>\n<p>&nbsp;<\/p>\n<p>La quinta obra consisti\u00f3 en la reconstrucci\u00f3n y techado de cuatro canchas de b\u00e1squetbol; la sexta en la reconstrucci\u00f3n de la pista de atletismo, donde se corrigi\u00f3 el n\u00famero de metros dej\u00e1ndola con los est\u00e1ndares internacionales establecidos de los 400 metros; mientras que la s\u00e9ptima, fue la construcci\u00f3n de un gimnasio al aire libre.<\/p>\n<p>&nbsp;<\/p>\n<p>Dom\u00ednguez L\u00f3pez agreg\u00f3 que las tres obras restantes tendr\u00e1n una inversi\u00f3n de 42 millones de pesos, en la cuales se mejorar\u00e1 el acondicionamiento de la alberca, para que obtenga el reconocimiento ol\u00edmpico, as\u00ed como un m\u00f3dulo de servicios y crear un \u00e1rea para la medicina del deporte.<\/p>\n<p>&nbsp;<\/p>\n<p><a href=\"https:\/\/radiowebmx.com\/nota\/wp-content\/uploads\/2018\/07\/unnamed-9.jpg\"><img loading=\"lazy\" decoding=\"async\" class=\"alignright size-medium wp-image-55292\" src=\"https:\/\/radiowebmx.com\/nota\/wp-content\/uploads\/2018\/07\/unnamed-9-595x397.jpg\" alt=\"\" width=\"595\" height=\"397\" srcset=\"https:\/\/radiowebmx.com\/nota\/wp-content\/uploads\/2018\/07\/unnamed-9-595x397.jpg 595w, https:\/\/radiowebmx.com\/nota\/wp-content\/uploads\/2018\/07\/unnamed-9-768x512.jpg 768w, https:\/\/radiowebmx.com\/nota\/wp-content\/uploads\/2018\/07\/unnamed-9-960x640.jpg 960w, https:\/\/radiowebmx.com\/nota\/wp-content\/uploads\/2018\/07\/unnamed-9-272x182.jpg 272w, https:\/\/radiowebmx.com\/nota\/wp-content\/uploads\/2018\/07\/unnamed-9.jpg 1280w\" sizes=\"auto, (max-width: 595px) 100vw, 595px\" \/><\/a><\/p>\n","protected":false},"excerpt":{"rendered":"<p>Ratifica el compromiso del Gobierno del Estado por mejorar las condiciones de las unidades y espacios deportivos. &nbsp; Se invierten 66 mdp en la remodelaci\u00f3n de las siete \u00e1reas del Centro Deportivo Ej\u00e9rcito de la Revoluci\u00f3n. &nbsp; Morelia, Michoac\u00e1n.-\u00a0El Gobernador Constitucional, Silvano Aureoles Conejo, realiz\u00f3 un recorrido de supervisi\u00f3n de las obras de modernizaci\u00f3n en [&hellip;]<\/p>\n","protected":false},"author":2,"featured_media":55293,"comment_status":"closed","ping_status":"closed","sticky":false,"template":"","format":"standard","meta":{"footnotes":""},"categories":[3],"tags":[],"class_list":["post-55291","post","type-post","status-publish","format-standard","has-post-thumbnail","hentry","category-gobierno-del-estado-de-michoacan"],"_links":{"self":[{"href":"https:\/\/radiowebmx.com\/nota\/wp-json\/wp\/v2\/posts\/55291","targetHints":{"allow":["GET"]}}],"collection":[{"href":"https:\/\/radiowebmx.com\/nota\/wp-json\/wp\/v2\/posts"}],"about":[{"href":"https:\/\/radiowebmx.com\/nota\/wp-json\/wp\/v2\/types\/post"}],"author":[{"embeddable":true,"href":"https:\/\/radiowebmx.com\/nota\/wp-json\/wp\/v2\/users\/2"}],"replies":[{"embeddable":true,"href":"https:\/\/radiowebmx.com\/nota\/wp-json\/wp\/v2\/comments?post=55291"}],"version-history":[{"count":1,"href":"https:\/\/radiowebmx.com\/nota\/wp-json\/wp\/v2\/posts\/55291\/revisions"}],"predecessor-version":[{"id":55294,"href":"https:\/\/radiowebmx.com\/nota\/wp-json\/wp\/v2\/posts\/55291\/revisions\/55294"}],"wp:featuredmedia":[{"embeddable":true,"href":"https:\/\/radiowebmx.com\/nota\/wp-json\/wp\/v2\/media\/55293"}],"wp:attachment":[{"href":"https:\/\/radiowebmx.com\/nota\/wp-json\/wp\/v2\/media?parent=55291"}],"wp:term":[{"taxonomy":"category","embeddable":true,"href":"https:\/\/radiowebmx.com\/nota\/wp-json\/wp\/v2\/categories?post=55291"},{"taxonomy":"post_tag","embeddable":true,"href":"https:\/\/radiowebmx.com\/nota\/wp-json\/wp\/v2\/tags?post=55291"}],"curies":[{"name":"wp","href":"https:\/\/api.w.org\/{rel}","templated":true}]}}