{"id":55258,"date":"2018-07-26T13:40:23","date_gmt":"2018-07-26T18:40:23","guid":{"rendered":"https:\/\/radiowebmx.com\/nota\/?p=55258"},"modified":"2018-07-26T13:40:23","modified_gmt":"2018-07-26T18:40:23","slug":"pena-nieto-y-canciller-de-canada-coinciden-en-cerrar-rapido-revision-de-tlcan","status":"publish","type":"post","link":"https:\/\/radiowebmx.com\/nota\/pena-nieto-y-canciller-de-canada-coinciden-en-cerrar-rapido-revision-de-tlcan\/","title":{"rendered":"Pe\u00f1a Nieto y canciller de Canad\u00e1 coinciden en cerrar r\u00e1pido revisi\u00f3n de TLCAN"},"content":{"rendered":"<p>M\u00e9xico, 26 jul (Agencias).- El presidente de M\u00e9xico, Enrique Pe\u00f1a Nieto, coincidi\u00f3 hoy con la ministra de Exteriores de Canad\u00e1, Chrystia Freeland, en la necesidad de que la renegociaci\u00f3n del Tratado de Libre Comercio de Am\u00e9rica del Norte (TLCAN) \u201cconcluya a corto plazo\u201d.<\/p>\n<p>El mandatario mexicano recibi\u00f3 a la canciller canadiense en la residencia presidencial de Los Pinos, donde le comunic\u00f3 su intenci\u00f3n de \u201cpromover un di\u00e1logo de alto nivel en temas de inter\u00e9s com\u00fan\u201d hasta que concluya su mandato el 1 de diciembre.<\/p>\n<p>Seg\u00fan un comunicado emitido por Presidencia, Pe\u00f1a Nieto enfatiz\u00f3 \u201cla importancia de continuar trabajando en una renegociaci\u00f3n constructiva e integral\u201d del TLCAN entre M\u00e9xico, Canad\u00e1 y Estados Unidos, con \u201cel objetivo de concluir en el corto plazo\u201d.<\/p>\n<p>En el encuentro, el presidente inform\u00f3 a la delegaci\u00f3n canadiense sobre las elecciones presidenciales del pasado 1 de julio, en las que gan\u00f3 el izquierdista Andr\u00e9s Manuel L\u00f3pez Obrador, y garantiz\u00f3 que la transici\u00f3n de poderes ser\u00e1 \u201cordenada y eficiente\u201d.<\/p>\n<p>Freeland agradeci\u00f3 en Twitter a Pe\u00f1a Nieto el \u201cfortalecimiento de las relaciones entre Canad\u00e1 y M\u00e9xico\u201d y explic\u00f3 que durante la reuni\u00f3n abordaron c\u00f3mo ambos pa\u00edses \u201cpueden seguir trabajando juntos para traer prosperidad y seguridad en Am\u00e9rica del Norte\u201d.<\/p>\n<p>En la reuni\u00f3n de los Pinos tambi\u00e9n estuvieron presentes el ministro canadiense para la Diversificaci\u00f3n del Comercio Internacional, James Carr, y el de Finanzas, William Morneau, que previamente se reunieron con sus hom\u00f3logos mexicanos.<\/p>\n<p>Durante la ma\u00f1ana, Freeland se reuni\u00f3 con el secretario de Relaciones Exteriores de M\u00e9xico, Luis Videgaray, y el de Econom\u00eda, Ildefonso Guajardo, con quienes reafirm\u00f3 que la renegociaci\u00f3n del TLCAN debe tener un resultado \u201ctrilateral\u201d, frente a las presiones de Washington para dividir el convenio en pactos bilaterales.<\/p>\n<p>Los tres altos funcionarios expusieron su voluntad de poder cerrar la renegociaci\u00f3n del tratado antes de las elecciones de medio mandato del Congreso estadounidense que tendr\u00e1n lugar el pr\u00f3ximo noviembre.<\/p>\n<p>Tras la reuni\u00f3n con Pe\u00f1a Nieto, Freeland se traslad\u00f3 a la casa de campa\u00f1a de L\u00f3pez Obrador para mantener un encuentro con el futuro presidente de M\u00e9xico de la misma manera que hizo hace dos semanas el secretario de Estado estadounidense, Mike Pompeo.<\/p>\n","protected":false},"excerpt":{"rendered":"<p>M\u00e9xico, 26 jul (Agencias).- El presidente de M\u00e9xico, Enrique Pe\u00f1a Nieto, coincidi\u00f3 hoy con la ministra de Exteriores de Canad\u00e1, Chrystia Freeland, en la necesidad de que la renegociaci\u00f3n del Tratado de Libre Comercio de Am\u00e9rica del Norte (TLCAN) \u201cconcluya a corto plazo\u201d. El mandatario mexicano recibi\u00f3 a la canciller canadiense en la residencia presidencial [&hellip;]<\/p>\n","protected":false},"author":2,"featured_media":55259,"comment_status":"closed","ping_status":"closed","sticky":false,"template":"","format":"standard","meta":{"footnotes":""},"categories":[14],"tags":[],"class_list":["post-55258","post","type-post","status-publish","format-standard","has-post-thumbnail","hentry","category-destacadas"],"_links":{"self":[{"href":"https:\/\/radiowebmx.com\/nota\/wp-json\/wp\/v2\/posts\/55258","targetHints":{"allow":["GET"]}}],"collection":[{"href":"https:\/\/radiowebmx.com\/nota\/wp-json\/wp\/v2\/posts"}],"about":[{"href":"https:\/\/radiowebmx.com\/nota\/wp-json\/wp\/v2\/types\/post"}],"author":[{"embeddable":true,"href":"https:\/\/radiowebmx.com\/nota\/wp-json\/wp\/v2\/users\/2"}],"replies":[{"embeddable":true,"href":"https:\/\/radiowebmx.com\/nota\/wp-json\/wp\/v2\/comments?post=55258"}],"version-history":[{"count":1,"href":"https:\/\/radiowebmx.com\/nota\/wp-json\/wp\/v2\/posts\/55258\/revisions"}],"predecessor-version":[{"id":55260,"href":"https:\/\/radiowebmx.com\/nota\/wp-json\/wp\/v2\/posts\/55258\/revisions\/55260"}],"wp:featuredmedia":[{"embeddable":true,"href":"https:\/\/radiowebmx.com\/nota\/wp-json\/wp\/v2\/media\/55259"}],"wp:attachment":[{"href":"https:\/\/radiowebmx.com\/nota\/wp-json\/wp\/v2\/media?parent=55258"}],"wp:term":[{"taxonomy":"category","embeddable":true,"href":"https:\/\/radiowebmx.com\/nota\/wp-json\/wp\/v2\/categories?post=55258"},{"taxonomy":"post_tag","embeddable":true,"href":"https:\/\/radiowebmx.com\/nota\/wp-json\/wp\/v2\/tags?post=55258"}],"curies":[{"name":"wp","href":"https:\/\/api.w.org\/{rel}","templated":true}]}}