{"id":55243,"date":"2018-07-26T13:00:58","date_gmt":"2018-07-26T18:00:58","guid":{"rendered":"https:\/\/radiowebmx.com\/nota\/?p=55243"},"modified":"2018-07-26T13:00:58","modified_gmt":"2018-07-26T18:00:58","slug":"el-deporte-en-michoacan-medio-para-recuperar-el-tejido-social-2","status":"publish","type":"post","link":"https:\/\/radiowebmx.com\/nota\/el-deporte-en-michoacan-medio-para-recuperar-el-tejido-social-2\/","title":{"rendered":"El deporte en Michoac\u00e1n, medio para recuperar el tejido social"},"content":{"rendered":"<ul>\n<li><strong>Arranque de 450 Academias de B\u00e1squetbol durante el ciclo escolar 2018-2019, la meta; se\u00f1ala.<\/strong><\/li>\n<\/ul>\n<p><strong>Morelia, Michoac\u00e1n, a 25 de julio del 2018.-<\/strong>\u00a0El Gobernador Constitucional, Silvano Aureoles Conejo, mantuvo un encuentro con medios deportivos nacionales, donde asever\u00f3 que el deporte es el medio para recuperar el tejido social e impulsar el desarrollo integral de los ni\u00f1os, ni\u00f1as y j\u00f3venes de la entidad.<\/p>\n<p>Dentro de las actividades que realiza el Gobierno del Estado para esa reconstrucci\u00f3n de la sociedad, est\u00e1 continuar con la creaci\u00f3n de las Escuelas de Tiempo Completo; hasta el momento se tienen 850 escuelas de este tipo, donde se han implementado actividades deportivas y culturales, comparti\u00f3 el Gobernador Constitucional.<\/p>\n<p>\u201cOtra de las actividades ser\u00e1 la implementaci\u00f3n de 450 Academias durante este ciclo escolar en todo el estado y tener la participaci\u00f3n de 50 mil ni\u00f1os y ni\u00f1as en las mismas\u201d, anunci\u00f3 el mandatario Silvano Aureoles.<\/p>\n<p>Por su parte, la coordinadora general de Comunicaci\u00f3n Social, Julieta L\u00f3pez Bautista, comparti\u00f3 que \u201cel deporte en Michoac\u00e1n es una pol\u00edtica p\u00fablica a la que el Gobierno del Estado le da mucho \u00e9nfasis, para que incida en el aspecto social y cultural en la ciudadan\u00eda\u201d.<\/p>\n<p>Dentro de la convivencia con los medios nacionales, existi\u00f3 una sesi\u00f3n de preguntas y respuestas, donde el reportero de Grupo Cattri, Emmanuel Guti\u00e9rrez, quiso saber la manera en que se apoyar\u00e1 a los talentos deportivos descubiertos.<\/p>\n<p>\u201cSe va a poner en marcha la liga estatal de b\u00e1squetbol, la cual estar\u00e1 compuesta por equipos de las 10 regiones del estado, para la creaci\u00f3n de las ligas regionales y la liga estatal\u201d, refiri\u00f3 el Gobernador.<\/p>\n<p>El reportero de Publimetro, Sergio Mel\u00e9ndez, extern\u00f3 su inter\u00e9s de si se har\u00e1n m\u00e1s actividades deportivas para la ciudadan\u00eda, por lo que el Gobernador mencion\u00f3 \u201cse est\u00e1n buscando algunos de los juegos de exhibici\u00f3n de la NBA, y estamos a punto de arrancar el proyecto de la Arena Michoac\u00e1n, para tener la capacidad y los requisitos establecidos para pr\u00f3ximos encuentros, as\u00ed como buscar la manera de tener un campamento del Real Madrid de b\u00e1squetbol en el estado\u201d.<\/p>\n<p>El mandatario Aureoles Conejo tambi\u00e9n destac\u00f3 otros proyectos como concretar la idea de crear el Tour de Michoac\u00e1n, el cual consiste en una vuelta de mil 200 kil\u00f3metros de ciclismo, para el mes de noviembre y asegur\u00f3 que no se est\u00e1 descuidando los dem\u00e1s deportes.<\/p>\n","protected":false},"excerpt":{"rendered":"<p>Arranque de 450 Academias de B\u00e1squetbol durante el ciclo escolar 2018-2019, la meta; se\u00f1ala. Morelia, Michoac\u00e1n, a 25 de julio del 2018.-\u00a0El Gobernador Constitucional, Silvano Aureoles Conejo, mantuvo un encuentro con medios deportivos nacionales, donde asever\u00f3 que el deporte es el medio para recuperar el tejido social e impulsar el desarrollo integral de los ni\u00f1os, [&hellip;]<\/p>\n","protected":false},"author":2,"featured_media":55244,"comment_status":"closed","ping_status":"closed","sticky":false,"template":"","format":"standard","meta":{"footnotes":""},"categories":[3],"tags":[],"class_list":["post-55243","post","type-post","status-publish","format-standard","has-post-thumbnail","hentry","category-gobierno-del-estado-de-michoacan"],"_links":{"self":[{"href":"https:\/\/radiowebmx.com\/nota\/wp-json\/wp\/v2\/posts\/55243","targetHints":{"allow":["GET"]}}],"collection":[{"href":"https:\/\/radiowebmx.com\/nota\/wp-json\/wp\/v2\/posts"}],"about":[{"href":"https:\/\/radiowebmx.com\/nota\/wp-json\/wp\/v2\/types\/post"}],"author":[{"embeddable":true,"href":"https:\/\/radiowebmx.com\/nota\/wp-json\/wp\/v2\/users\/2"}],"replies":[{"embeddable":true,"href":"https:\/\/radiowebmx.com\/nota\/wp-json\/wp\/v2\/comments?post=55243"}],"version-history":[{"count":1,"href":"https:\/\/radiowebmx.com\/nota\/wp-json\/wp\/v2\/posts\/55243\/revisions"}],"predecessor-version":[{"id":55245,"href":"https:\/\/radiowebmx.com\/nota\/wp-json\/wp\/v2\/posts\/55243\/revisions\/55245"}],"wp:featuredmedia":[{"embeddable":true,"href":"https:\/\/radiowebmx.com\/nota\/wp-json\/wp\/v2\/media\/55244"}],"wp:attachment":[{"href":"https:\/\/radiowebmx.com\/nota\/wp-json\/wp\/v2\/media?parent=55243"}],"wp:term":[{"taxonomy":"category","embeddable":true,"href":"https:\/\/radiowebmx.com\/nota\/wp-json\/wp\/v2\/categories?post=55243"},{"taxonomy":"post_tag","embeddable":true,"href":"https:\/\/radiowebmx.com\/nota\/wp-json\/wp\/v2\/tags?post=55243"}],"curies":[{"name":"wp","href":"https:\/\/api.w.org\/{rel}","templated":true}]}}