{"id":55209,"date":"2018-07-25T12:36:35","date_gmt":"2018-07-25T17:36:35","guid":{"rendered":"https:\/\/radiowebmx.com\/nota\/?p=55209"},"modified":"2018-07-25T12:36:35","modified_gmt":"2018-07-25T17:36:35","slug":"debe-contar-con-seguridad-social-el-trabajo-domestico-jeovana-alcantar","status":"publish","type":"post","link":"https:\/\/radiowebmx.com\/nota\/debe-contar-con-seguridad-social-el-trabajo-domestico-jeovana-alcantar\/","title":{"rendered":"Debe contar con seguridad social  el trabajo dom\u00e9stico: Jeovana Alc\u00e1ntar"},"content":{"rendered":"<p><a href=\"https:\/\/radiowebmx.com\/nota\/wp-content\/uploads\/2018\/07\/37617121_2048844335377072_487978872613109760_n.jpg\"><img loading=\"lazy\" decoding=\"async\" class=\"size-medium wp-image-55210 alignleft\" src=\"https:\/\/radiowebmx.com\/nota\/wp-content\/uploads\/2018\/07\/37617121_2048844335377072_487978872613109760_n-595x805.jpg\" alt=\"\" width=\"595\" height=\"805\" srcset=\"https:\/\/radiowebmx.com\/nota\/wp-content\/uploads\/2018\/07\/37617121_2048844335377072_487978872613109760_n-595x805.jpg 595w, https:\/\/radiowebmx.com\/nota\/wp-content\/uploads\/2018\/07\/37617121_2048844335377072_487978872613109760_n.jpg 710w\" sizes=\"auto, (max-width: 595px) 100vw, 595px\" \/><\/a><\/p>\n<p class=\"x_MsoNormal\">En nuestro pa\u00eds resulta necesario que se garantice la seguridad social al trabajo dom\u00e9stico que representa en s\u00ed una medida para combatir la violencia de g\u00e9nero, afirm\u00f3 la diputada local Jeovana Alc\u00e1ntar Baca quien refiri\u00f3 que el 4.8 por ciento de los trabajadores remunerados en M\u00e9xico son dom\u00e9sticos.<\/p>\n<p class=\"x_MsoNormal\">La diputada local por el Distrito de Hidalgo mencion\u00f3 que el pasado 22 de julio se conmemor\u00f3 el D\u00eda Internacional del Trabajo Dom\u00e9stico, fecha establecida con el objetivo de cerrar filas en reconocer el trabajo que millones de mujeres realizan en todo el mundo, en donde es vital que se fortalezcan acciones en favor de todas quienes se dedican a esta labor.<\/p>\n<p class=\"x_MsoNormal\">En ese contexto la diputada integrante del Grupo Parlamentario del PRD en el Congreso del Estado enfatiz\u00f3 que resulta necesario que en M\u00e9xico se garantice la seguridad social para el trabajo dom\u00e9stico, pues \u00e9ste se mantiene en la informalidad dejando sin protecci\u00f3n a quienes se desempe\u00f1an en \u00e9l.<\/p>\n<p class=\"x_MsoNormal\">Jeovana Alc\u00e1ntar expuso que las personas que realizan tareas como limpieza de casas, cocinar, lavar, planchar ropa, cuidad ni\u00f1os, ancianos o enfermos de una familia, jardiner\u00eda, vigilancia de la casa, chofer de una familia o incluso cuidado de mascotas, generalmente carecen de seguridad social pese a desempe\u00f1ar un trabajo remunerado.<\/p>\n<p class=\"x_MsoNormal\">Expuso que el 4.8 por ciento del total de trabajadores remunerados en el pa\u00eds son dom\u00e9sticos, lo que representa alrededor de 2.5 millones de mexicanos que se desempe\u00f1an en estas tareas desprotegidos en algo tan b\u00e1sico como su salud.<\/p>\n<p class=\"x_MsoNormal\">\u201cResulta apremiante atender la dif\u00edcil situaci\u00f3n que enfrentan cada d\u00eda, ya que cada siete de cada diez no cuentan con acceso a instituciones de salud, lo que atenta contra sus derechos constitucionales\u201d.<\/p>\n<p class=\"x_MsoNormal\">Adem\u00e1s subray\u00f3 que se requiere de una revisi\u00f3n de fondo a la legislaci\u00f3n para que aquellas lagunas que existan sean corregidas, y con ello hacer efectivo el derecho a la salud consagrado en nuestra Constituci\u00f3n federal.<\/p>\n<p class=\"x_MsoNormal\">\u201cEl garantizar la seguridad social al trabajo dom\u00e9stico representa en s\u00ed misma una medida para combatir la violencia de g\u00e9nero, tomando en cuenta que el 89 por ciento de quienes se desempe\u00f1an en esta rama son mujeres\u201d.<\/p>\n","protected":false},"excerpt":{"rendered":"<p>En nuestro pa\u00eds resulta necesario que se garantice la seguridad social al trabajo dom\u00e9stico que representa en s\u00ed una medida para combatir la violencia de g\u00e9nero, afirm\u00f3 la diputada local Jeovana Alc\u00e1ntar Baca quien refiri\u00f3 que el 4.8 por ciento de los trabajadores remunerados en M\u00e9xico son dom\u00e9sticos. La diputada local por el Distrito de [&hellip;]<\/p>\n","protected":false},"author":2,"featured_media":55211,"comment_status":"closed","ping_status":"closed","sticky":false,"template":"","format":"standard","meta":{"footnotes":""},"categories":[6,14],"tags":[],"class_list":["post-55209","post","type-post","status-publish","format-standard","has-post-thumbnail","hentry","category-congreso-del-estado","category-destacadas"],"_links":{"self":[{"href":"https:\/\/radiowebmx.com\/nota\/wp-json\/wp\/v2\/posts\/55209","targetHints":{"allow":["GET"]}}],"collection":[{"href":"https:\/\/radiowebmx.com\/nota\/wp-json\/wp\/v2\/posts"}],"about":[{"href":"https:\/\/radiowebmx.com\/nota\/wp-json\/wp\/v2\/types\/post"}],"author":[{"embeddable":true,"href":"https:\/\/radiowebmx.com\/nota\/wp-json\/wp\/v2\/users\/2"}],"replies":[{"embeddable":true,"href":"https:\/\/radiowebmx.com\/nota\/wp-json\/wp\/v2\/comments?post=55209"}],"version-history":[{"count":1,"href":"https:\/\/radiowebmx.com\/nota\/wp-json\/wp\/v2\/posts\/55209\/revisions"}],"predecessor-version":[{"id":55212,"href":"https:\/\/radiowebmx.com\/nota\/wp-json\/wp\/v2\/posts\/55209\/revisions\/55212"}],"wp:featuredmedia":[{"embeddable":true,"href":"https:\/\/radiowebmx.com\/nota\/wp-json\/wp\/v2\/media\/55211"}],"wp:attachment":[{"href":"https:\/\/radiowebmx.com\/nota\/wp-json\/wp\/v2\/media?parent=55209"}],"wp:term":[{"taxonomy":"category","embeddable":true,"href":"https:\/\/radiowebmx.com\/nota\/wp-json\/wp\/v2\/categories?post=55209"},{"taxonomy":"post_tag","embeddable":true,"href":"https:\/\/radiowebmx.com\/nota\/wp-json\/wp\/v2\/tags?post=55209"}],"curies":[{"name":"wp","href":"https:\/\/api.w.org\/{rel}","templated":true}]}}