{"id":55187,"date":"2018-07-24T13:19:57","date_gmt":"2018-07-24T18:19:57","guid":{"rendered":"https:\/\/radiowebmx.com\/nota\/?p=55187"},"modified":"2018-07-24T13:19:57","modified_gmt":"2018-07-24T18:19:57","slug":"entregan-gobernador-y-dif-nacional-centro-para-personas-con-discapacidad-visual","status":"publish","type":"post","link":"https:\/\/radiowebmx.com\/nota\/entregan-gobernador-y-dif-nacional-centro-para-personas-con-discapacidad-visual\/","title":{"rendered":"Entregan Gobernador y DIF Nacional Centro para Personas con Discapacidad Visual"},"content":{"rendered":"<ul>\n<li>La inversi\u00f3n, de 10 millones de pesos con recurso estatal y federal.<\/li>\n<\/ul>\n<p><strong>Morelia, Michoac\u00e1n, a 23 de julio del 2018.-<\/strong>\u00a0Con el objetivo primordial de lograr la igualdad e integraci\u00f3n de todas las personas, el Gobernador Constitucional, Silvano Aureoles Conejo, inaugur\u00f3 el espacio de Atenci\u00f3n Integral para Personas con Discapacidad Visual, mismo que se encuentra dentro de las instalaciones del Centro de Rehabilitaci\u00f3n y Educaci\u00f3n Especial (CREE).<\/p>\n<p>En compa\u00f1\u00eda del oficial mayor del Sistema DIF Nacional, Jes\u00fas Naime Libi\u00e9n, y de su hija Sof\u00eda Aureoles Geymonat, el mandatario estatal inform\u00f3 que, con esta acci\u00f3n Michoac\u00e1n se convierte en el tercer estado del pa\u00eds en contar con el espacio de Atenci\u00f3n Integral de las Personas con Discapacidad Visual, de los 13 que se tienen proyectados crear en el territorio mexicano.<\/p>\n<p>\u201cEmpezamos esta tarea meses atr\u00e1s y ahora es una oportunidad de conjuntar esfuerzos y recursos para ayudar a las personas con necesidad, y hacerlo con una \u00f3ptica de desarrollo de capacidades para la vida independiente\u201d, comparti\u00f3 el Gobernador Aureoles Conejo.<\/p>\n<p>De acuerdo a datos de INEGI, en el estado de Michoac\u00e1n m\u00e1s de 188 mil personas tienen alg\u00fan tipo de discapacidad visual, inform\u00f3 por su parte, Jesus Naime.<\/p>\n<p>El funcionario federal agreg\u00f3 que de 2017 a la fecha se ha invertido m\u00e1s de 35 millones de pesos para la construcci\u00f3n y equipamiento de los Centros de Atenci\u00f3n Integral de las Personas con Discapacidad Visual en entidades federativas.<\/p>\n<p>El nuevo espacio cuenta con 18 servicios como \u00e1reas de acceso y control, sala de lectura, cuarto de monitoreo, direcci\u00f3n y secretariado, psicolog\u00eda, apoyo pedag\u00f3gico, sal\u00f3n de usos m\u00faltiples, preescolar y primaria, secundarias, abierta y Braille, estimulaci\u00f3n temprana, entre otras. Se realiz\u00f3 con una inversi\u00f3n de 10 millones de pesos, de los cuales 8 millones son aportados por la Federaci\u00f3n y 2 millones de pesos del Gobierno Estatal.<\/p>\n<p>Este espacio de atenci\u00f3n brindar\u00e1 servicio a las 113 municipios con los que cuenta el estado de Michoac\u00e1n, y se prev\u00e9 favorecer anualmente a m\u00e1s de 80 mil pacientes; mencion\u00f3 la directora General del Sistema DIF Estatal, Roc\u00edo Beamonte Romero.<\/p>\n","protected":false},"excerpt":{"rendered":"<p>La inversi\u00f3n, de 10 millones de pesos con recurso estatal y federal. Morelia, Michoac\u00e1n, a 23 de julio del 2018.-\u00a0Con el objetivo primordial de lograr la igualdad e integraci\u00f3n de todas las personas, el Gobernador Constitucional, Silvano Aureoles Conejo, inaugur\u00f3 el espacio de Atenci\u00f3n Integral para Personas con Discapacidad Visual, mismo que se encuentra dentro [&hellip;]<\/p>\n","protected":false},"author":2,"featured_media":55188,"comment_status":"closed","ping_status":"closed","sticky":false,"template":"","format":"standard","meta":{"footnotes":""},"categories":[3],"tags":[],"class_list":["post-55187","post","type-post","status-publish","format-standard","has-post-thumbnail","hentry","category-gobierno-del-estado-de-michoacan"],"_links":{"self":[{"href":"https:\/\/radiowebmx.com\/nota\/wp-json\/wp\/v2\/posts\/55187","targetHints":{"allow":["GET"]}}],"collection":[{"href":"https:\/\/radiowebmx.com\/nota\/wp-json\/wp\/v2\/posts"}],"about":[{"href":"https:\/\/radiowebmx.com\/nota\/wp-json\/wp\/v2\/types\/post"}],"author":[{"embeddable":true,"href":"https:\/\/radiowebmx.com\/nota\/wp-json\/wp\/v2\/users\/2"}],"replies":[{"embeddable":true,"href":"https:\/\/radiowebmx.com\/nota\/wp-json\/wp\/v2\/comments?post=55187"}],"version-history":[{"count":1,"href":"https:\/\/radiowebmx.com\/nota\/wp-json\/wp\/v2\/posts\/55187\/revisions"}],"predecessor-version":[{"id":55189,"href":"https:\/\/radiowebmx.com\/nota\/wp-json\/wp\/v2\/posts\/55187\/revisions\/55189"}],"wp:featuredmedia":[{"embeddable":true,"href":"https:\/\/radiowebmx.com\/nota\/wp-json\/wp\/v2\/media\/55188"}],"wp:attachment":[{"href":"https:\/\/radiowebmx.com\/nota\/wp-json\/wp\/v2\/media?parent=55187"}],"wp:term":[{"taxonomy":"category","embeddable":true,"href":"https:\/\/radiowebmx.com\/nota\/wp-json\/wp\/v2\/categories?post=55187"},{"taxonomy":"post_tag","embeddable":true,"href":"https:\/\/radiowebmx.com\/nota\/wp-json\/wp\/v2\/tags?post=55187"}],"curies":[{"name":"wp","href":"https:\/\/api.w.org\/{rel}","templated":true}]}}