{"id":55149,"date":"2018-07-20T13:57:33","date_gmt":"2018-07-20T18:57:33","guid":{"rendered":"https:\/\/radiowebmx.com\/nota\/?p=55149"},"modified":"2018-07-20T14:58:47","modified_gmt":"2018-07-20T19:58:47","slug":"direccion-de-desarrollo-rural-apoya-en-limpieza-de-zonas-rurales-afectadas-por-lluvias","status":"publish","type":"post","link":"https:\/\/radiowebmx.com\/nota\/direccion-de-desarrollo-rural-apoya-en-limpieza-de-zonas-rurales-afectadas-por-lluvias\/","title":{"rendered":"Direcci\u00f3n de Desarrollo Rural apoya en limpieza de zonas rurales afectadas por lluvias"},"content":{"rendered":"<ul>\n<li><strong>Con maquinaria especial, se retiraron residuos y materiales de puntos que presentaron da\u00f1os.<\/strong><\/li>\n<\/ul>\n<p>&nbsp;<\/p>\n<p>&nbsp;<\/p>\n<div>En atenci\u00f3n a los vecinos de las zonas Norte y Norponiente de la ciudad, que se vieron afectados por las fuertes lluvias presentadas en el inicio del presente mes, la Secretar\u00eda de Desarrollo Econ\u00f3mico y Emprendedor mediante su Direcci\u00f3n de Desarrollo Rural, inform\u00f3 que se ha enviado un cami\u00f3n de volteo y una retroexcavadora con la finalidad de contribuir a la limpieza y retiro de materiales y desechos acumulados.<\/p>\n<p>El director de Desarrollo Rural, Cecilio Zamora Ramos, report\u00f3 que un equipo de operadores de maquinaria y personal de esta misma oficina, trabajaron en los puntos m\u00e1s cr\u00edticos afectados por el torrencial, apoyando en todo momento a los vecinos que lo requirieron.<\/p>\n<p>Referente a la zona rural, Zamora Ramos, puntualiz\u00f3 que gracias a los trabajos de desazolve y limpieza de r\u00edos, canales y presas, han sido m\u00ednimas las afectaciones en los cultivos agr\u00edcolas; por ello, Morelia hasta el momento no ha requerido ser incluida en el grupo de municipios michoacanos afectados en su agricultura y ganader\u00eda por las tormentas de la temporada.<\/p>\n<p>No obstante, el funcionario municipal, indic\u00f3 que hay coordinaci\u00f3n y comunicaci\u00f3n permanente con la Secretar\u00eda de Desarrollo Rural y Agroalimentaria (SEDRUA) y la Secretar\u00eda de Agricultura, Ganader\u00eda, Desarrollo Rural, Pesca y Alimentaci\u00f3n (SAGARPA) con el prop\u00f3sito de evitar las mayores afectaciones posibles.<\/p><\/div>\n","protected":false},"excerpt":{"rendered":"<p>Con maquinaria especial, se retiraron residuos y materiales de puntos que presentaron da\u00f1os. &nbsp; &nbsp; En atenci\u00f3n a los vecinos de las zonas Norte y Norponiente de la ciudad, que se vieron afectados por las fuertes lluvias presentadas en el inicio del presente mes, la Secretar\u00eda de Desarrollo Econ\u00f3mico y Emprendedor mediante su Direcci\u00f3n de [&hellip;]<\/p>\n","protected":false},"author":2,"featured_media":55150,"comment_status":"closed","ping_status":"closed","sticky":false,"template":"","format":"standard","meta":{"footnotes":""},"categories":[14,60,9],"tags":[],"class_list":["post-55149","post","type-post","status-publish","format-standard","has-post-thumbnail","hentry","category-destacadas","category-michoacan","category-morelia"],"_links":{"self":[{"href":"https:\/\/radiowebmx.com\/nota\/wp-json\/wp\/v2\/posts\/55149","targetHints":{"allow":["GET"]}}],"collection":[{"href":"https:\/\/radiowebmx.com\/nota\/wp-json\/wp\/v2\/posts"}],"about":[{"href":"https:\/\/radiowebmx.com\/nota\/wp-json\/wp\/v2\/types\/post"}],"author":[{"embeddable":true,"href":"https:\/\/radiowebmx.com\/nota\/wp-json\/wp\/v2\/users\/2"}],"replies":[{"embeddable":true,"href":"https:\/\/radiowebmx.com\/nota\/wp-json\/wp\/v2\/comments?post=55149"}],"version-history":[{"count":1,"href":"https:\/\/radiowebmx.com\/nota\/wp-json\/wp\/v2\/posts\/55149\/revisions"}],"predecessor-version":[{"id":55151,"href":"https:\/\/radiowebmx.com\/nota\/wp-json\/wp\/v2\/posts\/55149\/revisions\/55151"}],"wp:featuredmedia":[{"embeddable":true,"href":"https:\/\/radiowebmx.com\/nota\/wp-json\/wp\/v2\/media\/55150"}],"wp:attachment":[{"href":"https:\/\/radiowebmx.com\/nota\/wp-json\/wp\/v2\/media?parent=55149"}],"wp:term":[{"taxonomy":"category","embeddable":true,"href":"https:\/\/radiowebmx.com\/nota\/wp-json\/wp\/v2\/categories?post=55149"},{"taxonomy":"post_tag","embeddable":true,"href":"https:\/\/radiowebmx.com\/nota\/wp-json\/wp\/v2\/tags?post=55149"}],"curies":[{"name":"wp","href":"https:\/\/api.w.org\/{rel}","templated":true}]}}