{"id":55089,"date":"2018-07-17T20:11:51","date_gmt":"2018-07-18T01:11:51","guid":{"rendered":"https:\/\/radiowebmx.com\/nota\/?p=55089"},"modified":"2018-07-18T11:33:04","modified_gmt":"2018-07-18T16:33:04","slug":"instalan-comite-de-evaluacion-de-riesgos-para-afectaciones-por-lluvias","status":"publish","type":"post","link":"https:\/\/radiowebmx.com\/nota\/instalan-comite-de-evaluacion-de-riesgos-para-afectaciones-por-lluvias\/","title":{"rendered":"Instalan Comit\u00e9 de Evaluaci\u00f3n de Riesgos para afectaciones por lluvias"},"content":{"rendered":"<p><img loading=\"lazy\" decoding=\"async\" class=\"\" src=\"https:\/\/www.mimorelia.com\/wp-content\/uploads\/2018\/07\/noticias\/morelia\/17\/lluvias.jpg\" width=\"400\" height=\"225\" \/><\/p>\n<p>&nbsp;<\/p>\n<p><strong>Morelia, Michoac\u00e1n.-<\/strong> Fue instalado el Comit\u00e9 de Evaluaci\u00f3n de Da\u00f1os (CED), mismo que tiene la finalidad de atender los lineamientos y acceder a los recursos del Fondo de Desastres Naturales (Fonden), esto tras la declaratoria de desastre natural para Morelia.<\/p>\n<p>El secretario de Gobierno, Pascual Sigala P\u00e1ez, encabez\u00f3 el acto protocolario por el cual se agruparon e instalaron los subcomit\u00e9s de los diversos sectores involucrados en la atenci\u00f3n a la contingencia clim\u00e1tica. Estos subcomit\u00e9s son: Hidr\u00e1ulico, integrado por la Comisi\u00f3n Nacional del Agua (Conagua), la Comisi\u00f3n Estatal de Agua y Gesti\u00f3n de Cuencas (CEAC); Vial Urbano, por la Secretar\u00eda de Comunicaciones y Transportes (SCT), la Secretar\u00eda de Comunicaciones y Obras P\u00fablicas (SCOP), y la Junta de Caminos; as\u00ed como de Vivienda, por la Secretar\u00eda de Desarrollo Territorial y Urbano (Sedatu), Secretar\u00eda de Desarrollo Social (Sedesol), Secretar\u00eda de Desarrollo Social y Humano (Sedesoh) y por el Instituto de Vivienda del Estado de Michoac\u00e1n (IVEM).<\/p>\n<p>Los subcomit\u00e9s presentar\u00e1n, a m\u00e1s tardar el 30 de julio pr\u00f3ximo, los resultados de las afectaciones a fin de cumplir con las reglas de operaci\u00f3n del Fonden. Durante la sesi\u00f3n, el encargado de la pol\u00edtica interna, a trav\u00e9s de una videoconferencia con Selene Rubalcava Ram\u00edrez, directora general de Gesti\u00f3n de Riesgos de la Coordinaci\u00f3n Nacional de Protecci\u00f3n Civil, entreg\u00f3 la solicitud firmada por el Gobernador Silvano Aureoles Conejo, de la Declaratoria de Desastre Natural, de conformidad a lo establecido en los lineamientos del Fondo.<\/p>\n<p>Pascual Sigala, a nombre del Gobernador, expres\u00f3 el compromiso del Gobierno del Estado de acelerar los trabajos de evaluaci\u00f3n de da\u00f1os, y con ello poder cumplir en tiempo y forma los plazos establecidos por la norma federal.<\/p>\n<p>De igual manera, dijo que la administraci\u00f3n estatal no escatimar\u00e1 en seguir coadyuvando con las instancias federales y municipales para poder atender con oportunidad cualquier riesgo o suceso producto de la presente temporada de lluvias. En la reuni\u00f3n estuvieron presentes funcionarios estatales, as\u00ed como delegados federales de distintas \u00e1reas transversales del Gobierno del Estado y Federal.<\/p>\n","protected":false},"excerpt":{"rendered":"<p>&nbsp; Morelia, Michoac\u00e1n.- Fue instalado el Comit\u00e9 de Evaluaci\u00f3n de Da\u00f1os (CED), mismo que tiene la finalidad de atender los lineamientos y acceder a los recursos del Fondo de Desastres Naturales (Fonden), esto tras la declaratoria de desastre natural para Morelia. El secretario de Gobierno, Pascual Sigala P\u00e1ez, encabez\u00f3 el acto protocolario por el cual [&hellip;]<\/p>\n","protected":false},"author":2,"featured_media":55090,"comment_status":"closed","ping_status":"closed","sticky":false,"template":"","format":"standard","meta":{"footnotes":""},"categories":[14,3,60],"tags":[],"class_list":["post-55089","post","type-post","status-publish","format-standard","has-post-thumbnail","hentry","category-destacadas","category-gobierno-del-estado-de-michoacan","category-michoacan"],"_links":{"self":[{"href":"https:\/\/radiowebmx.com\/nota\/wp-json\/wp\/v2\/posts\/55089","targetHints":{"allow":["GET"]}}],"collection":[{"href":"https:\/\/radiowebmx.com\/nota\/wp-json\/wp\/v2\/posts"}],"about":[{"href":"https:\/\/radiowebmx.com\/nota\/wp-json\/wp\/v2\/types\/post"}],"author":[{"embeddable":true,"href":"https:\/\/radiowebmx.com\/nota\/wp-json\/wp\/v2\/users\/2"}],"replies":[{"embeddable":true,"href":"https:\/\/radiowebmx.com\/nota\/wp-json\/wp\/v2\/comments?post=55089"}],"version-history":[{"count":1,"href":"https:\/\/radiowebmx.com\/nota\/wp-json\/wp\/v2\/posts\/55089\/revisions"}],"predecessor-version":[{"id":55091,"href":"https:\/\/radiowebmx.com\/nota\/wp-json\/wp\/v2\/posts\/55089\/revisions\/55091"}],"wp:featuredmedia":[{"embeddable":true,"href":"https:\/\/radiowebmx.com\/nota\/wp-json\/wp\/v2\/media\/55090"}],"wp:attachment":[{"href":"https:\/\/radiowebmx.com\/nota\/wp-json\/wp\/v2\/media?parent=55089"}],"wp:term":[{"taxonomy":"category","embeddable":true,"href":"https:\/\/radiowebmx.com\/nota\/wp-json\/wp\/v2\/categories?post=55089"},{"taxonomy":"post_tag","embeddable":true,"href":"https:\/\/radiowebmx.com\/nota\/wp-json\/wp\/v2\/tags?post=55089"}],"curies":[{"name":"wp","href":"https:\/\/api.w.org\/{rel}","templated":true}]}}